{"id":131929,"date":"2026-01-11T01:24:11","date_gmt":"2026-01-11T01:24:11","guid":{"rendered":"https:\/\/www.europesays.com\/se\/131929\/"},"modified":"2026-01-11T01:24:11","modified_gmt":"2026-01-11T01:24:11","slug":"ewelina-svenson-skadad-i-hundattack-i-norrkoping","status":"publish","type":"post","link":"https:\/\/www.europesays.com\/se\/131929\/","title":{"rendered":"Ewelina Svenson skadad i hundattack i Norrk\u00f6ping"},"content":{"rendered":"<p>P\u00e5 v\u00e4g hem fr\u00e5n en v\u00e4ns studentfirande blev Ewelina Svenson, 23, biten i ansiktet av en hund.\u00a0<\/p>\n<p>Polisutredningen lades ner \u2013 nu k\u00e4mpar hon f\u00f6r uppr\u00e4ttelse.<\/p>\n<p>\u2013 Man kan inte vara arg p\u00e5 en hund, men man kan vara kritisk mot allt runtomkring, s\u00e4ger hon.<\/p>\n<p>Senaste nyhetsklippen fr\u00e5n Expressen.<img   alt=\"\"\/><\/p>\n<p>Ewelina Svenson blev biten av en hund. Bilden \u00e4r tagen f\u00f6re attacken.<\/p>\n<p>Foto: Privat<\/p>\n<p>\u00d6ppna bild i helsk\u00e4rm<img loading=\"lazy\"   alt=\"\"\/><\/p>\n<p>\u201dMan kan inte vara arg p\u00e5 en hund, men man kan vara kritisk mot allt runtomkring\u201d, s\u00e4ger Ewelina.<\/p>\n<p>Foto: Privat<\/p>\n<p>\u00d6ppna bild i helsk\u00e4rmArtikeln i korthet<\/p>\n<p> Ewelina, 23, attackerades av hund och skadades sv\u00e5rt i ansiktet.<\/p>\n<p> Polisutredningen lades ned \u2013 nu driver hon \u00e4rendet vidare privat.<\/p>\n<p> V\u00e4nnen Mimmi har st\u00f6ttat genom hela processen.<\/p>\n<p>Visa mer<\/p>\n<p>Det \u00e4r en junikv\u00e4ll i <a href=\"https:\/\/www.expressen.se\/tagg\/location\/norrkoping\/\" class=\"\" rel=\"nofollow noopener\" target=\"_blank\">Norrk\u00f6ping<\/a> 2024. Mimmi Bj\u00f6rk, 21, har tagit studenten och firandet har p\u00e5g\u00e5tt hela kv\u00e4llen.<\/p>\n<p>P\u00e5 v\u00e4gen hem h\u00f6r Mimmi och hennes kompis Ewelina n\u00e5gon ropa. Det visar sig vara en man med en hund, som de tr\u00e4ffat tidigare under kv\u00e4llen.\u00a0<\/p>\n<p>De stannar och pratar, och Ewelina b\u00f6jer sig ned f\u00f6r att h\u00e4lsa p\u00e5 den kopplade hunden.<\/p>\n<p>\u201dBe nice\u201d<\/p>\n<p>Efter en kort stund b\u00f6rjar hunden morra. Mannen s\u00e4ger till hunden: \u201dBalto, be nice\u201d.<\/p>\n<p>N\u00e4stan direkt d\u00e4refter hugger hunden mot Ewelina.<\/p>\n<p>\u2013 Jag t\u00e4nkte direkt: det h\u00e4r var inte bra, s\u00e4ger hon.<\/p>\n<p>Men det \u00e4r Mimmi som f\u00f6rst ser blodet.<\/p>\n<p>Det rinner ner \u00f6ver Ewelinas h\u00e4nder, droppar mot asfalten och bildar sm\u00e5 m\u00f6rka fl\u00e4ckar p\u00e5 marken. N\u00e5gra personer i n\u00e4rheten stannar. En boende i huset h\u00f6r r\u00f6sterna och kommer ner med ett f\u00f6rsta hj\u00e4lpen-kit, och Mimmi ringer 112.<\/p>\n<p>\u2013 Jag s\u00e5g hur mycket blod det var och t\u00e4nkte direkt att det h\u00e4r \u00e4r allvarligt. Det var inte ett litet s\u00e5r, det var verkligen mycket, s\u00e4ger hon.<\/p>\n<p><img loading=\"lazy\"   alt=\"\"\/>\u00d6ppna bild i helsk\u00e4rm<img loading=\"lazy\"   alt=\"\"\/><\/p>\n<p>Bilden p\u00e5 Ewelina Svenson togs p\u00e5 v\u00e4g till sjukhuset.<\/p>\n<p>Foto: Privat<\/p>\n<p>\u00d6ppna bild i helsk\u00e4rmOperation i Link\u00f6ping<\/p>\n<p>Det \u00e4r f\u00f6rst p\u00e5 v\u00e4g mot sjukhuset i Link\u00f6ping som hon ber Mimmi ta en bild.<\/p>\n<p>\u2013 D\u00e5 f\u00f6rstod jag direkt att det var v\u00e4rre \u00e4n jag trott. Det var inte bara ett jack, utan en stor skada.<\/p>\n<p>P\u00e5 sjukhuset klipper kirurgerna bort d\u00f6d v\u00e4vnad. Hud som b\u00f6rjat svartna, hudslamsor som inte g\u00e5r att r\u00e4dda. De f\u00f6rs\u00f6ker bevara s\u00e5 mycket muskler som m\u00f6jligt.<\/p>\n<p>\u2013 L\u00e4karna sa att den h\u00e4r typen av ingrepp ofta g\u00f6rs under narkos, men att de inte kunde v\u00e4nta. Det var brutalt att se, s\u00e4ger Mimmi.<\/p>\n<p>\u2013 Till slut klarade jag inte att se mer och fick g\u00e5 ut och kr\u00e4kas.<\/p>\n<p><img loading=\"lazy\"   alt=\"\"\/><\/p>\n<p>Efter att s\u00e5ren v\u00e4l l\u00e4kt b\u00e5de syns och m\u00e4rks skadorna, i form av bland annat k\u00e4nselbortfall.<\/p>\n<p>Foto: Privat<\/p>\n<p>\u00d6ppna bild i helsk\u00e4rm<\/p>\n<p>Efter\u00e5t levde Ewelina p\u00e5 flytande kost i flera dagar och var sjukskriven i n\u00e4stan en m\u00e5nad. N\u00e4r s\u00e5ren v\u00e4l l\u00e4kt syns skadan inte alltid tydligt p\u00e5 h\u00e5ll. Men den m\u00e4rks i vardagen.<\/p>\n<p>K\u00e4nseln i underl\u00e4ppen \u00e4r delvis borta. N\u00e4r hon dricker kan det rinna utan att hon m\u00e4rker det. N\u00e4r hon pratar l\u00e4nge kan talet bli otydligare och hon kan b\u00f6rja dregla.<\/p>\n<p>\u2013 Det k\u00e4nns sp\u00e4nt hela tiden, som om huden inte riktigt r\u00e4cker till. Jag m\u00e4rker det s\u00e4rskilt n\u00e4r jag pratar mycket eller n\u00e4r jag \u00e4ter och dricker, s\u00e4ger Ewelina.<\/p>\n<p>Annons<\/p>\n<p>Utredningen las ned<\/p>\n<p>Polisen kom till sjukhuset samma natt som attacken. Det \u00e4r enda g\u00e5ngen Ewelina pratar med dem.<\/p>\n<p>\u2013 Jag l\u00e5g p\u00e5 morfin och var chockad. Det \u00e4r det enda f\u00f6rh\u00f6ret som gjordes med mig, s\u00e4ger hon.<\/p>\n<p>\u2013 Jag minns knappt vad jag sa. Det k\u00e4nns m\u00e4rkligt att det \u00e4r det som ligger till grund f\u00f6r hela bed\u00f6mningen.<\/p>\n<p>M\u00e5naderna g\u00e5r. Till slut ringer Ewelina sj\u00e4lv till polisen.<\/p>\n<p>\u2013 D\u00e5 fick jag veta att utredningen lades ner bara tre dagar efter h\u00e4ndelsen.<\/p>\n<p><img loading=\"lazy\"   alt=\"\"\/><\/p>\n<p>Mimmi Bj\u00f6rk och Ewelina Svenson, innan hundattacken.<\/p>\n<p>Foto: Privat<\/p>\n<p>\u00d6ppna bild i helsk\u00e4rm<\/p>\n<p>Motiveringen \u00e4r att det inte g\u00e5r att bevisa att hund\u00e4garen varit oaktsam. Polisen beklagar att hon inte f\u00e5tt reda p\u00e5 att utredningen var nedlagd, och h\u00e4nvisar vidare fr\u00e5gor till \u00e5klagare.<\/p>\n<p>\u2013 Men vi vet inte vad polisen faktiskt har gjort. Har de pratat med honom? Har de h\u00f6rt vittnen? Har de ens varit p\u00e5 plats, fr\u00e5gar sig Mimmi.<\/p>\n<p>N\u00e4r Ewelina f\u00f6rs\u00f6ker f\u00e5 ers\u00e4ttning f\u00e5r hon beskedet att hund\u00e4garen saknade f\u00f6rs\u00e4kring vid tillf\u00e4llet. Hon fick sj\u00e4lv orientera sig mellan f\u00f6rs\u00e4kringsbolag, myndigheter och brottsofferjour.<\/p>\n<p>\u2013 Det var som att hela tiden hamna hos n\u00e4sta instans, som i sin tur sa att de inte kunde hj\u00e4lpa, s\u00e4ger hon.<\/p>\n<p>Till slut k\u00e4nde Ewelina att det bara fanns ett alternativ kvar. Hon ska st\u00e4mma hund\u00e4garen privat.\u00a0<\/p>\n<p>\u2013 Jag har f\u00e5tt l\u00e4sa p\u00e5 sj\u00e4lv och ta hj\u00e4lp d\u00e4r jag kan. Jag har till och med anv\u00e4nt ChatGPT f\u00f6r att f\u00f6rst\u00e5 vissa juridiska fr\u00e5gor. Det s\u00e4ger kanske n\u00e5got om hur ensam man \u00e4r i processen.<\/p>\n<p>Under hela processen har v\u00e4nnen Mimmi varit n\u00e4ra. De har varit b\u00e4sta v\u00e4nner i \u00f6ver sex \u00e5r och h\u00f6rs varje dag, trots att de numera bor i olika st\u00e4der.<\/p>\n<p>\u2013 Jag har nog varit den som orkat vara arg n\u00e4r Ewelina varit tr\u00f6tt. Den som ringt runt, ifr\u00e5gasatt och inte sl\u00e4ppt, s\u00e4ger Mimmi med darr p\u00e5 r\u00f6sten.<\/p>\n<p>Nu v\u00e4ntar muntlig f\u00f6rberedelse i tingsr\u00e4tten. Men f\u00f6r Ewelina handlar processen inte fr\u00e4mst om pengar.<\/p>\n<p>\u2013 Det handlar om att det inte bara ska f\u00f6rsvinna utan konsekvenser.<\/p>\n<p>\u2013 Man kan inte vara arg p\u00e5 en hund. Men man kan vara kritisk till hur allt runtomkring har hanterats, s\u00e4ger Ewelina.<\/p>\n","protected":false},"excerpt":{"rendered":"P\u00e5 v\u00e4g hem fr\u00e5n en v\u00e4ns studentfirande blev Ewelina Svenson, 23, biten i ansiktet av en hund.\u00a0 Polisutredningen&hellip;\n","protected":false},"author":2,"featured_media":131930,"comment_status":"","ping_status":"","sticky":false,"template":"","format":"standard","meta":{"footnotes":""},"categories":[12],"tags":[22,23,26,27,17,21,24,25,932,28,29,15,16,18,34,154,31,33,32,30,19,13480,764,710,20],"class_list":{"0":"post-131929","1":"post","2":"type-post","3":"status-publish","4":"format-standard","5":"has-post-thumbnail","7":"category-sverige","8":"tag-breaking-news","9":"tag-breakingnews","10":"tag-featured-news","11":"tag-featurednews","12":"tag-headlines","13":"tag-huvudnyheter","14":"tag-latest-news","15":"tag-latestnews","16":"tag-location-norrkoping","17":"tag-main-news","18":"tag-mainnews","19":"tag-news","20":"tag-nyheter","21":"tag-rubriker","22":"tag-se","23":"tag-sections-sverige","24":"tag-svenska","25":"tag-sverige","26":"tag-sweden","27":"tag-swedish","28":"tag-top-stories","29":"tag-topic-husdjur","30":"tag-topic-olycksfall","31":"tag-topic-raddningstjanst-raddningsinsats","32":"tag-topstories"},"share_on_mastodon":{"url":"https:\/\/pubeurope.com\/@se\/115873858361653383","error":""},"_links":{"self":[{"href":"https:\/\/www.europesays.com\/se\/wp-json\/wp\/v2\/posts\/131929","targetHints":{"allow":["GET"]}}],"collection":[{"href":"https:\/\/www.europesays.com\/se\/wp-json\/wp\/v2\/posts"}],"about":[{"href":"https:\/\/www.europesays.com\/se\/wp-json\/wp\/v2\/types\/post"}],"author":[{"embeddable":true,"href":"https:\/\/www.europesays.com\/se\/wp-json\/wp\/v2\/users\/2"}],"replies":[{"embeddable":true,"href":"https:\/\/www.europesays.com\/se\/wp-json\/wp\/v2\/comments?post=131929"}],"version-history":[{"count":0,"href":"https:\/\/www.europesays.com\/se\/wp-json\/wp\/v2\/posts\/131929\/revisions"}],"wp:featuredmedia":[{"embeddable":true,"href":"https:\/\/www.europesays.com\/se\/wp-json\/wp\/v2\/media\/131930"}],"wp:attachment":[{"href":"https:\/\/www.europesays.com\/se\/wp-json\/wp\/v2\/media?parent=131929"}],"wp:term":[{"taxonomy":"category","embeddable":true,"href":"https:\/\/www.europesays.com\/se\/wp-json\/wp\/v2\/categories?post=131929"},{"taxonomy":"post_tag","embeddable":true,"href":"https:\/\/www.europesays.com\/se\/wp-json\/wp\/v2\/tags?post=131929"}],"curies":[{"name":"wp","href":"https:\/\/api.w.org\/{rel}","templated":true}]}}