{"id":131931,"date":"2026-01-11T01:33:15","date_gmt":"2026-01-11T01:33:15","guid":{"rendered":"https:\/\/www.europesays.com\/se\/131931\/"},"modified":"2026-01-11T01:33:15","modified_gmt":"2026-01-11T01:33:15","slug":"vilma-andersson-hoppades-domas-till-fangelse","status":"publish","type":"post","link":"https:\/\/www.europesays.com\/se\/131931\/","title":{"rendered":"Vilma Andersson hoppades d\u00f6mas till f\u00e4ngelse"},"content":{"rendered":"<p>Vilma Andersson anpassade sina svar i psykutredningen f\u00f6r att d\u00f6mas till f\u00e4ngelse.<\/p>\n<p>Om han inte hade lyckats s\u00e5 skulle mordet i R\u00f6nninge kunna ha undvikits.\u00a0<\/p>\n<p>Andersson var sj\u00e4lv n\u00f6jd med att slippa sluten psykv\u00e5rd \u2013 och hade kalkylerat med ett l\u00e5gt straff efter sitt f\u00f6rs\u00f6k att kidnappa ett barn p\u00e5 Eker\u00f6.<\/p>\n<p>Detta \u00e4r en kommenterande text. Analys och st\u00e4llningstaganden \u00e4r skribentens.<\/p>\n<p><img   alt=\"\"\/><\/p>\n<p>Vilma Andersson misst\u00e4nks f\u00f6r mordet i R\u00f6nninge.<\/p>\n<p>\u00d6ppna bild i helsk\u00e4rm<img   alt=\"\"\/>Fredrik Sj\u00f6shult<\/p>\n<p>N\u00e4r jag tar del av den r\u00e4ttspsykiatriska unders\u00f6kningen av Vilma Andersson, som gjordes f\u00f6r drygt sex \u00e5r sedan i samband med r\u00e4tteg\u00e5ngen om kidnappningsf\u00f6rs\u00f6ket, sl\u00e5s jag av hur uppenbart det \u00e4r att han vill bli d\u00f6md till ett f\u00e4ngelsestraff.<\/p>\n<p>Han unders\u00f6ktes p\u00e5 den r\u00e4ttspsykiatriska unders\u00f6kningsenheten Helix i Huddinge efter att domstolen kommit fram till att han var skyldig till brottet \u2013 och unders\u00f6kningen skulle avg\u00f6ra om straffet skulle bli f\u00e4ngelse eller sluten psykv\u00e5rd.<\/p>\n<p><strong>Vilma Andersson, som d\u00e5 hette Robin S\u00e4bb Hjerth, var tydligt medveten om att f\u00e4ngelse var att f\u00f6redra.<\/strong><\/p>\n<p><strong>Och det \u00e4r inte sv\u00e5rt att f\u00f6rst\u00e5: Sluten psykv\u00e5rd inneb\u00e4r f\u00f6rvaring p\u00e5 obest\u00e4md tid.<\/strong><\/p>\n<p><strong>F\u00f6rst n\u00e4r det inte l\u00e4ngre finns risk f\u00f6r \u00e5terfall i allvarlig brottslighet sl\u00e4pps personen ut.<\/strong><\/p>\n<p>Vilma Andersson unders\u00f6ktes p\u00e5 Helix under tre veckor inf\u00f6r att straffet skulle avg\u00f6ras. Han satt i timsl\u00e5nga intervjuer med psykologer och andra utredare som var v\u00e4l inl\u00e4sta p\u00e5 hans bakgrund och de misst\u00e4nkta brotten.<\/p>\n<p>Deras slutsatser, som jag tagit del av, \u00e4r tydliga:<\/p>\n<p>\u201dDet bed\u00f6ms som troligt att S\u00e4bb Hjerth har anpassat sina svar utifr\u00e5n hur han vill framst\u00e5, vilket \u00e4ven \u00f6verensst\u00e4mmer med hur han uppfattas i samtal.\u201d<\/p>\n<p>\u201dDet han s\u00e4ger framst\u00e5r stundtals som genomt\u00e4nkt, in\u00f6vat och strategiskt utifr\u00e5n ett straffr\u00e4ttsligt perspektiv.\u201d<\/p>\n<p>I slutet av tiden p\u00e5 Helix satte sig utredningsteamet i ett samtal med honom och meddelade resultatet som skulle meddelas domstolen inf\u00f6r avg\u00f6randet om f\u00e4ngelse eller sluten psykv\u00e5rd.<\/p>\n<p>Vilma Andersson fick d\u00e5 besked om att han inte bed\u00f6mdes lida av en allvarlig psykisk st\u00f6rning i lagens mening.<\/p>\n<p>Han var n\u00f6jd med det.<\/p>\n<p>\u201dS\u00e4bb Hjerth har uttryckt sig enig med den r\u00e4ttspsykiatriska bed\u00f6mningen\u201d, antecknas efter samtalet.<\/p>\n<p><strong>Mitt intryck av Vilma Andersson har varit att han \u00e4r en \u201dkriminellt \u00f6verintresserad person\u201d.<\/strong><\/p>\n<p>Han tillh\u00f6r den typen av brottslingar som tillbringat f\u00f6r mycket tid med att studera kriminalfall och googla p\u00e5 hur man beg\u00e5r brott. Det var en del av bakgrunden till \u00f6verfallet p\u00e5 Eker\u00f6. Han hade bland annat s\u00f6kt svar p\u00e5 internet hur man beg\u00e5r en v\u00e5ldt\u00e4kt och drogar en person.<\/p>\n<p>Inf\u00f6r mordet i R\u00f6nninge ska han under julhelgen ha kollat p\u00e5 dokument\u00e4rer om svenska brott och googlat p\u00e5 hur man kommer undan med mord.<\/p>\n<p><strong>N\u00e4r han unders\u00f6ktes 2019 var han ocks\u00e5 v\u00e4l uppdaterad om att straffet skulle bli l\u00e5gt om han slapp sluten psykv\u00e5rd.<\/strong><\/p>\n<p>\u201dS\u00e4bb Hjerth uppfattas ha en n\u00e5got \u00f6verdriven tilltro till sin egen f\u00f6rm\u00e5ga. Han \u00e4r \u00e4ven obekymrad inf\u00f6r framtiden och uppger att han troligen inte kommer att d\u00f6mas till ett l\u00e5ngt straff, varefter han kommer att kunna forts\u00e4tta jobba mot sin dr\u00f6m om att bli pilot d\u00e5 uppgifter om hans g\u00e4rningar kommer att gallras.\u201d<\/p>\n<p>Annons<\/p>\n<p><strong>Det hade han r\u00e4tt i.<\/strong><\/p>\n<p><strong>Han fick ungdomsrabatt p\u00e5 straffet som gjorde att det s\u00e4nktes fr\u00e5n 3,5 \u00e5r till f\u00e4ngelse i tv\u00e5 \u00e5r och fyra m\u00e5nader.<\/strong><\/p>\n<p><strong>Och till skillnad fr\u00e5n om han d\u00f6mts till sluten psykv\u00e5rd sl\u00e4pptes han ocks\u00e5 ut trots att \u00e5terfallsrisken i sexualbrott bed\u00f6mdes som h\u00f6g.<\/strong><\/p>\n<p>Dessutom blev han villkorligt frigiven efter att bara ha avtj\u00e4nat tv\u00e5 tredjedelar av straffet.<\/p>\n<p>Om \u00e5terfallsrisken bed\u00f6mts som h\u00f6g p\u00e5 en r\u00e4ttspsykiatrisk klinik skulle han inte sl\u00e4ppts ut \u2013 och d\u00e5 hade det funnits en m\u00f6jlighet att R\u00f6nningekvinnans liv r\u00e4ddats.<\/p>\n<p>Det fr\u00e4msta sk\u00e4let till att Vilma Andersson d\u00f6mdes till f\u00e4ngelse var att hans diagnos var pedofili. Det fanns misstankar om annan problematik men det var inte tillr\u00e4ckligt f\u00f6r att n\u00e5 upp till en allvarlig psykisk st\u00f6rning som lagen kr\u00e4ver.<\/p>\n<p><strong>Pedofili klassas \u2013 hur sjukt det \u00e4n kan l\u00e5ta \u2013 inte som en allvarlig psykisk st\u00f6rning om det inte handlar om s\u00e4rskilt allvarliga fall i kombination med andra st\u00f6rningar.<\/strong><\/p>\n<p>I den r\u00e4ttspsykiatriska unders\u00f6kningen efter barn\u00f6verfallet p\u00e5 Eker\u00f6 po\u00e4ngteras flera g\u00e5nger att Vilma Andersson enligt \u201dlagens mening\u201d inte kan vara aktuell f\u00f6r sluten psykv\u00e5rd.<\/p>\n<p>Men det finns ocks\u00e5 ett tydligt medskick:<\/p>\n<p>\u201dF\u00f6r att minska \u00e5terfall i sexuellt v\u00e5ld \u00e4r det \u00e4nd\u00e5 rekommenderat att S\u00e4bb Hjerth erbjuds specialinriktade psykopedagogiska insatser och l\u00e4kemedelsbehandling.\u201d<\/p>\n<p><strong>Men s\u00e5 fungerar det inte inom Kriminalv\u00e5rden.<\/strong><\/p>\n<p><strong>D\u00e4r finns inte den typen av insatser med mer avancerad behandling och krav p\u00e5 medicinering. D\u00e4rf\u00f6r sl\u00e4pptes Andersson efter att ha genomg\u00e5tt ett behandlingsprogram som \u00e4r standard f\u00f6r sexualbrottslingar \u2013 och som inte minskat risken f\u00f6r \u00e5terfall.<\/strong><\/p>\n<p><strong>Och nu har en kvinna brutalt m\u00f6rdats.<\/strong><\/p>\n<p>Vilma Andersson har efter att ha erk\u00e4nt grovt gravfridsbrott \u2013 men f\u00f6rnekat mord \u2013 p\u00e5 nytt skickats till Helix i Huddinge f\u00f6r att genomg\u00e5 en stor r\u00e4ttspsykiatrisk unders\u00f6kning.<\/p>\n<p>Fler kr\u00f6nikor om R\u00f6nningemordet av Fredrik Sj\u00f6shult<strong>L\u00c4S MER: <\/strong><a href=\"https:\/\/www.expressen.se\/kronikorer\/fredrik-sjoshult\/kriminalvardens-misslyckande-med-ronningemannen\/\" class=\"\" rel=\"nofollow noopener\" target=\"_blank\">Kriminalv\u00e5rdens misslyckande med R\u00f6nningemannen<\/a><strong>L\u00c4S MER: <\/strong><a href=\"https:\/\/www.expressen.se\/kronikorer\/fredrik-sjoshult\/sexuellt-intresse-for-barn-och-dod\/\" class=\"\" rel=\"nofollow noopener\" target=\"_blank\">Sexuellt intresse f\u00f6r barn och d\u00f6d<\/a><strong>L\u00c4S MER: <\/strong><a href=\"https:\/\/www.expressen.se\/kronikorer\/fredrik-sjoshult\/fragorna-polisen-maste-ge-svar-pa\/\" class=\"\" rel=\"nofollow noopener\" target=\"_blank\">Fr\u00e5gorna polisen m\u00e5ste ge svar p\u00e5<\/a><\/p>\n","protected":false},"excerpt":{"rendered":"Vilma Andersson anpassade sina svar i psykutredningen f\u00f6r att d\u00f6mas till f\u00e4ngelse. Om han inte hade lyckats s\u00e5&hellip;\n","protected":false},"author":2,"featured_media":131932,"comment_status":"","ping_status":"","sticky":false,"template":"","format":"standard","meta":{"footnotes":""},"categories":[12],"tags":[22,23,26,27,17,21,24,25,28,29,15,12855,16,18,34,1419,31,33,32,30,19,436,20],"class_list":{"0":"post-131931","1":"post","2":"type-post","3":"status-publish","4":"format-standard","5":"has-post-thumbnail","7":"category-sverige","8":"tag-breaking-news","9":"tag-breakingnews","10":"tag-featured-news","11":"tag-featurednews","12":"tag-headlines","13":"tag-huvudnyheter","14":"tag-latest-news","15":"tag-latestnews","16":"tag-main-news","17":"tag-mainnews","18":"tag-news","19":"tag-newsstory-kvinna-mordad-i-ronninge","20":"tag-nyheter","21":"tag-rubriker","22":"tag-se","23":"tag-sections-fredriksjoshult","24":"tag-svenska","25":"tag-sverige","26":"tag-sweden","27":"tag-swedish","28":"tag-top-stories","29":"tag-topic-valdsbrott-mord","30":"tag-topstories"},"share_on_mastodon":{"url":"https:\/\/pubeurope.com\/@se\/115873893719117877","error":""},"_links":{"self":[{"href":"https:\/\/www.europesays.com\/se\/wp-json\/wp\/v2\/posts\/131931","targetHints":{"allow":["GET"]}}],"collection":[{"href":"https:\/\/www.europesays.com\/se\/wp-json\/wp\/v2\/posts"}],"about":[{"href":"https:\/\/www.europesays.com\/se\/wp-json\/wp\/v2\/types\/post"}],"author":[{"embeddable":true,"href":"https:\/\/www.europesays.com\/se\/wp-json\/wp\/v2\/users\/2"}],"replies":[{"embeddable":true,"href":"https:\/\/www.europesays.com\/se\/wp-json\/wp\/v2\/comments?post=131931"}],"version-history":[{"count":0,"href":"https:\/\/www.europesays.com\/se\/wp-json\/wp\/v2\/posts\/131931\/revisions"}],"wp:featuredmedia":[{"embeddable":true,"href":"https:\/\/www.europesays.com\/se\/wp-json\/wp\/v2\/media\/131932"}],"wp:attachment":[{"href":"https:\/\/www.europesays.com\/se\/wp-json\/wp\/v2\/media?parent=131931"}],"wp:term":[{"taxonomy":"category","embeddable":true,"href":"https:\/\/www.europesays.com\/se\/wp-json\/wp\/v2\/categories?post=131931"},{"taxonomy":"post_tag","embeddable":true,"href":"https:\/\/www.europesays.com\/se\/wp-json\/wp\/v2\/tags?post=131931"}],"curies":[{"name":"wp","href":"https:\/\/api.w.org\/{rel}","templated":true}]}}