{"id":131939,"date":"2026-01-11T02:01:14","date_gmt":"2026-01-11T02:01:14","guid":{"rendered":"https:\/\/www.europesays.com\/se\/131939\/"},"modified":"2026-01-11T02:01:14","modified_gmt":"2026-01-11T02:01:14","slug":"linnea-henriksson-vinner-korslaget-2026-tv-streaming","status":"publish","type":"post","link":"https:\/\/www.europesays.com\/se\/131939\/","title":{"rendered":"Linnea Henriksson vinner \u201dK\u00f6rslaget\u201d 2026 | Tv &#038; streaming"},"content":{"rendered":"<p>Publicerad 10 jan 2026 kl 21.58Uppdaterad kl 23.20<\/p>\n<p>Den f\u00f6rsta vinnaren efter \u201dK\u00f6rslagets\u201d comeback i TV4 har utsetts.<\/p>\n<p>Linnea Henriksson och k\u00f6ren s\u00f6nerna tar hem vinsten.<\/p>\n<p><img   alt=\"\"\/><\/p>\n<p>Linnea Henriksson vinner \u201dK\u00f6rslaget \u2013 tillsammans mot cancer\u201d.<\/p>\n<p>Foto: TV4<\/p>\n<p>\u00d6ppna bild i helsk\u00e4rm<img loading=\"lazy\"   alt=\"\"\/><\/p>\n<p>Eric Gadd slutade p\u00e5 en andra plats.<\/p>\n<p>Foto: TV4<\/p>\n<p>\u00d6ppna bild i helsk\u00e4rm<img loading=\"lazy\"   alt=\"\"\/><\/p>\n<p>Janice Kavander kom trea.<\/p>\n<p>Foto: TV4<\/p>\n<p>\u00d6ppna bild i helsk\u00e4rm<\/p>\n<p>P\u00e5 l\u00f6rdagskv\u00e4llen avgjordes \u201dK\u00f6rslaget \u2013 tillsammans mot cancer\u201d och samlade samtidigt in pengar till Cancerfonden.<\/p>\n<p>I finalen stod det mellan Linnea Henriksson, Eric Gadd och Janice Kavander samt deras respektive k\u00f6rer.<\/p>\n<p>Eric Saade och Pernilla Wahlgren ledde finalprogrammet och f\u00f6r f\u00f6rsta g\u00e5ngen var det tittarna och inte juryn som hade makten.<\/p>\n<p>N\u00e4r alla tittarr\u00f6ster hade r\u00e4knats stod det klart att Linnea Henriksson och k\u00f6ren s\u00f6nerna vinner \u201dK\u00f6rslaget \u2013 tillsammans mot cancer\u201d 2026.<\/p>\n<p>\u2013 \u00c5h tack f\u00f6r att vi har f\u00e5tt komma hem till er som tittat och f\u00e5tt spela och sjunga, och tack f\u00f6r en otrolig kv\u00e4ll, s\u00e4ger Henriksson i direkts\u00e4ndningen och ger ifr\u00e5n sig ett gl\u00e4djeskrik.<\/p>\n<p><img loading=\"lazy\"   alt=\"\"\/><\/p>\n<p>Linnea Henrikssons gl\u00e4djevr\u00e5l efter vinsten.<\/p>\n<p>Foto: TV4<\/p>\n<p>\u00d6ppna bild i helsk\u00e4rm<\/p>\n<p>Pernilla Wahlgren meddelar \u00e4ven att kv\u00e4llen har genererat 8521 nya m\u00e5nadsgivare till Cancerfonden vilket p\u00e5 sikt inneb\u00e4r 108 miljoner kronor till cancerforskning, enligt programledaren.<\/p>\n<p>\u2013 Stort tack, det h\u00e4r \u00e4r pengar som r\u00e4ddar liv, s\u00e4ger Pernilla Wahlgren.<\/p>\n","protected":false},"excerpt":{"rendered":"Publicerad 10 jan 2026 kl 21.58Uppdaterad kl 23.20 Den f\u00f6rsta vinnaren efter \u201dK\u00f6rslagets\u201d comeback i TV4 har utsetts.&hellip;\n","protected":false},"author":2,"featured_media":131940,"comment_status":"","ping_status":"","sticky":false,"template":"","format":"standard","meta":{"footnotes":""},"categories":[67],"tags":[104,34,645,31,33,32,30,105],"class_list":{"0":"post-131939","1":"post","2":"type-post","3":"status-publish","4":"format-standard","5":"has-post-thumbnail","7":"category-underhallning","8":"tag-entertainment","9":"tag-se","10":"tag-sections-tv","11":"tag-svenska","12":"tag-sverige","13":"tag-sweden","14":"tag-swedish","15":"tag-underhallning"},"share_on_mastodon":{"url":"https:\/\/pubeurope.com\/@se\/115874003892783877","error":""},"_links":{"self":[{"href":"https:\/\/www.europesays.com\/se\/wp-json\/wp\/v2\/posts\/131939","targetHints":{"allow":["GET"]}}],"collection":[{"href":"https:\/\/www.europesays.com\/se\/wp-json\/wp\/v2\/posts"}],"about":[{"href":"https:\/\/www.europesays.com\/se\/wp-json\/wp\/v2\/types\/post"}],"author":[{"embeddable":true,"href":"https:\/\/www.europesays.com\/se\/wp-json\/wp\/v2\/users\/2"}],"replies":[{"embeddable":true,"href":"https:\/\/www.europesays.com\/se\/wp-json\/wp\/v2\/comments?post=131939"}],"version-history":[{"count":0,"href":"https:\/\/www.europesays.com\/se\/wp-json\/wp\/v2\/posts\/131939\/revisions"}],"wp:featuredmedia":[{"embeddable":true,"href":"https:\/\/www.europesays.com\/se\/wp-json\/wp\/v2\/media\/131940"}],"wp:attachment":[{"href":"https:\/\/www.europesays.com\/se\/wp-json\/wp\/v2\/media?parent=131939"}],"wp:term":[{"taxonomy":"category","embeddable":true,"href":"https:\/\/www.europesays.com\/se\/wp-json\/wp\/v2\/categories?post=131939"},{"taxonomy":"post_tag","embeddable":true,"href":"https:\/\/www.europesays.com\/se\/wp-json\/wp\/v2\/tags?post=131939"}],"curies":[{"name":"wp","href":"https:\/\/api.w.org\/{rel}","templated":true}]}}