{"id":131947,"date":"2026-01-11T02:33:32","date_gmt":"2026-01-11T02:33:32","guid":{"rendered":"https:\/\/www.europesays.com\/se\/131947\/"},"modified":"2026-01-11T02:33:32","modified_gmt":"2026-01-11T02:33:32","slug":"black-mirror-skaparen-verkligheten-kommer-ikapp","status":"publish","type":"post","link":"https:\/\/www.europesays.com\/se\/131947\/","title":{"rendered":"Black Mirror-skaparen: \u201dVerkligheten kommer ikapp\u201d"},"content":{"rendered":"<p>Nutiden blir allt mer lik ett avsnitt av den dystopiska science fiction-serien Black Mirror, men det har inte gjort det om\u00f6jligt att fylla en \u00e5ttonde s\u00e4song med nya hemska framtidsvisioner. Det s\u00e4ger seriens skapare Charlie Brooker i en intervju med Netflix egen blogg Tudum.<\/p>\n<p>\u2013 Jag kan bekr\u00e4fta att Black Mirror kommer att komma tillbaka precis i tid f\u00f6r att verkligheten ska hinna ikapp. Det blir sp\u00e4nnande, s\u00e4ger han.  <\/p>\n<p>N\u00e4r den \u00e5ttonde s\u00e4songen sl\u00e4pps \u00e4r fortfarande oklart. S\u00e4song sju har nominerats till flera priser p\u00e5 s\u00f6ndagens Golden Globe-gala.<\/p>\n<p>Omni \u00e4r politiskt obundna och oberoende. Vi str\u00e4var efter att ge fler perspektiv p\u00e5 nyheterna. Har du fr\u00e5gor eller synpunkter kring v\u00e5r rapportering? <a href=\"https:\/\/omni.se\/black-mirror-skaparen-verkligheten-kommer-ikapp\/a\/mailto:redaktion@omni.se\" class=\"ArticleActions_contactLink__W2F1M\" rel=\"nofollow noopener\" target=\"_blank\">Kontakta redaktionen<\/a><\/p>\n","protected":false},"excerpt":{"rendered":"Nutiden blir allt mer lik ett avsnitt av den dystopiska science fiction-serien Black Mirror, men det har inte&hellip;\n","protected":false},"author":2,"featured_media":131948,"comment_status":"","ping_status":"","sticky":false,"template":"","format":"standard","meta":{"footnotes":""},"categories":[67],"tags":[104,168,2399,34,31,33,32,30,105],"class_list":{"0":"post-131947","1":"post","2":"type-post","3":"status-publish","4":"format-standard","5":"has-post-thumbnail","7":"category-underhallning","8":"tag-entertainment","9":"tag-film-tv","10":"tag-netflix","11":"tag-se","12":"tag-svenska","13":"tag-sverige","14":"tag-sweden","15":"tag-swedish","16":"tag-underhallning"},"share_on_mastodon":{"url":"https:\/\/pubeurope.com\/@se\/115874129673575638","error":""},"_links":{"self":[{"href":"https:\/\/www.europesays.com\/se\/wp-json\/wp\/v2\/posts\/131947","targetHints":{"allow":["GET"]}}],"collection":[{"href":"https:\/\/www.europesays.com\/se\/wp-json\/wp\/v2\/posts"}],"about":[{"href":"https:\/\/www.europesays.com\/se\/wp-json\/wp\/v2\/types\/post"}],"author":[{"embeddable":true,"href":"https:\/\/www.europesays.com\/se\/wp-json\/wp\/v2\/users\/2"}],"replies":[{"embeddable":true,"href":"https:\/\/www.europesays.com\/se\/wp-json\/wp\/v2\/comments?post=131947"}],"version-history":[{"count":0,"href":"https:\/\/www.europesays.com\/se\/wp-json\/wp\/v2\/posts\/131947\/revisions"}],"wp:featuredmedia":[{"embeddable":true,"href":"https:\/\/www.europesays.com\/se\/wp-json\/wp\/v2\/media\/131948"}],"wp:attachment":[{"href":"https:\/\/www.europesays.com\/se\/wp-json\/wp\/v2\/media?parent=131947"}],"wp:term":[{"taxonomy":"category","embeddable":true,"href":"https:\/\/www.europesays.com\/se\/wp-json\/wp\/v2\/categories?post=131947"},{"taxonomy":"post_tag","embeddable":true,"href":"https:\/\/www.europesays.com\/se\/wp-json\/wp\/v2\/tags?post=131947"}],"curies":[{"name":"wp","href":"https:\/\/api.w.org\/{rel}","templated":true}]}}