{"id":131949,"date":"2026-01-11T03:02:26","date_gmt":"2026-01-11T03:02:26","guid":{"rendered":"https:\/\/www.europesays.com\/se\/131949\/"},"modified":"2026-01-11T03:02:26","modified_gmt":"2026-01-11T03:02:26","slug":"stopp-i-ett-korfalt-pa-grund-av-stillastaende-fordon-pa-e18-nwt","status":"publish","type":"post","link":"https:\/\/www.europesays.com\/se\/131949\/","title":{"rendered":"Stopp i ett k\u00f6rf\u00e4lt p\u00e5 grund av stillast\u00e5ende fordon p\u00e5 E18 &#8211; NWT"},"content":{"rendered":"<ol>\n<li><a href=\"https:\/\/news.google.com\/rss\/articles\/CBMinAFBVV95cUxPTlMxM19XUTd1WWUwaFRSa01iUDVHSTk2cVNEN3RkWGxtU2hURDhlUHJaTGRKZVh5YWJKeFlDWVNIT0psZzBJajAyMUxndFA1NmhkN081Rmx1cnJEYmo5Z3lsenNVdnp1WkVQWFppeFpVTUtJelFDV3ZqTFhVcXUtODh1NXNBemswNVdUdmxaUG9zT0U0c1BIcHg2NWk?oc=5\" target=\"_blank\" rel=\"nofollow noopener\">Stopp i ett k\u00f6rf\u00e4lt p\u00e5 grund av stillast\u00e5ende fordon p\u00e5 E18<\/a>&nbsp;&nbsp;NWT<\/li>\n<li><a href=\"https:\/\/news.google.com\/rss\/articles\/CBMirwFBVV95cUxOQWF3SU03YTF1c2hwNnJOSTRzbFdtTS05ZHh4RVpSUldNbUFwLVRBRTVhMENLZUxWcDRhV2NyLWVodkRsOU9QQVJlMF9reHc1ZXMtRVF6dGVyS2FZM1VIbnQ2M1ZLbmFiRW9PZWF1NlpnWU1VY0ZaNHdBbWhtQ1JncWgwZE5DRVE2ejh3WUJXQkV1NHZfSThMeDBVcnI3bmsxX1B0MWh2SlZBSXNpRkg4?oc=5\" target=\"_blank\" rel=\"nofollow noopener\">Stillast\u00e5ende personbil p\u00e5 E18 \u2013 stopp i ett k\u00f6rf\u00e4lt<\/a>&nbsp;&nbsp;UNT<\/li>\n<li><a href=\"https:\/\/news.google.com\/rss\/articles\/CBMilwFBVV95cUxOSmdlSGxCRXRRMjVrVGlJLXFudVgyZmVwS1M0b0hvRWd5WHZyWjNHRGpFZHQ2b1c1RS1UMnlaM1h4cUo3R0NJOWJEaVFDTHdFQmFsRy0tU2gzZWxkZjlvcmpsMlpMcEFpUWlpb3pUUW1ZLUxCV0JWcndWSDdfOUhrS3hnLXRuUlFwcFU1QUNSelR6YVZUTkxn?oc=5\" target=\"_blank\" rel=\"nofollow noopener\">Flera stillast\u00e5ende lastbilar p\u00e5 E18 \u2013 problem i trafiken<\/a>&nbsp;&nbsp;nkp.se<\/li>\n<li><a href=\"https:\/\/news.google.com\/rss\/articles\/CBMisAFBVV95cUxNaUZYN3ZrTVp5S19fcFljVkRfMzh3YWg2RTRLYlBhY2JZS1I0WENLajF6NUpyLWtKQzgxczZ2RTFtRHNXa0szcVFiNGY2czlJeG5acHRXWjFTeUtqSUdwZkJZR2tQOHZ2MmcycVRDb29ZV2N2SkNOdm5YLTFVbVBkTktabWEtNzVJSEVnS254SzV1VWZucUNjR3pEMm43bmFIWGNaN2pTQmd5YjFZXzN2Zw?oc=5\" target=\"_blank\" rel=\"nofollow noopener\">Ett k\u00f6rf\u00e4lt blockerat p\u00e5 grund av en stillast\u00e5ende personbil p\u00e5 E18<\/a>&nbsp;&nbsp;KT-Kuriren<\/li>\n<li><a href=\"https:\/\/news.google.com\/rss\/articles\/CBMisAFBVV95cUxOa3Zhc0Y4TzMyZnhIMjdqd1NsUjRwMVJXa3U3N3RzV0l5RTRBM0h4QVl4V2d0dldyeF9qQjZuTDlQM1pjY2NvRjdWQUV5U1l0REw1SGdjSktha2dOV251XzV1M0FUdjRVOGN3ck5YZzFvaEtiTlFkX0R6NFNINElCdUZwMXgxTFF6MGV3cDcydF9vRzRreW11b3ZPUk9RNWZhejZza2cxaWFFaUZ0c0lqQQ?oc=5\" target=\"_blank\" rel=\"nofollow noopener\">Stillast\u00e5ende fordon p\u00e5 E18 \u2013 stopp i ett k\u00f6rf\u00e4lt<\/a>&nbsp;&nbsp;Enk\u00f6pingsposten<\/li>\n<\/ol>\n","protected":false},"excerpt":{"rendered":"Stopp i ett k\u00f6rf\u00e4lt p\u00e5 grund av stillast\u00e5ende fordon p\u00e5 E18&nbsp;&nbsp;NWT Stillast\u00e5ende personbil p\u00e5 E18 \u2013 stopp i&hellip;\n","protected":false},"author":2,"featured_media":131950,"comment_status":"","ping_status":"","sticky":false,"template":"","format":"standard","meta":{"footnotes":""},"categories":[5],"tags":[22,23,26,27,17,21,24,25,28,29,15,16,18,34,31,33,32,30,19,20],"class_list":{"0":"post-131949","1":"post","2":"type-post","3":"status-publish","4":"format-standard","5":"has-post-thumbnail","7":"category-rubriker","8":"tag-breaking-news","9":"tag-breakingnews","10":"tag-featured-news","11":"tag-featurednews","12":"tag-headlines","13":"tag-huvudnyheter","14":"tag-latest-news","15":"tag-latestnews","16":"tag-main-news","17":"tag-mainnews","18":"tag-news","19":"tag-nyheter","20":"tag-rubriker","21":"tag-se","22":"tag-svenska","23":"tag-sverige","24":"tag-sweden","25":"tag-swedish","26":"tag-top-stories","27":"tag-topstories"},"share_on_mastodon":{"url":"https:\/\/pubeurope.com\/@se\/115874243675955011","error":""},"_links":{"self":[{"href":"https:\/\/www.europesays.com\/se\/wp-json\/wp\/v2\/posts\/131949","targetHints":{"allow":["GET"]}}],"collection":[{"href":"https:\/\/www.europesays.com\/se\/wp-json\/wp\/v2\/posts"}],"about":[{"href":"https:\/\/www.europesays.com\/se\/wp-json\/wp\/v2\/types\/post"}],"author":[{"embeddable":true,"href":"https:\/\/www.europesays.com\/se\/wp-json\/wp\/v2\/users\/2"}],"replies":[{"embeddable":true,"href":"https:\/\/www.europesays.com\/se\/wp-json\/wp\/v2\/comments?post=131949"}],"version-history":[{"count":0,"href":"https:\/\/www.europesays.com\/se\/wp-json\/wp\/v2\/posts\/131949\/revisions"}],"wp:featuredmedia":[{"embeddable":true,"href":"https:\/\/www.europesays.com\/se\/wp-json\/wp\/v2\/media\/131950"}],"wp:attachment":[{"href":"https:\/\/www.europesays.com\/se\/wp-json\/wp\/v2\/media?parent=131949"}],"wp:term":[{"taxonomy":"category","embeddable":true,"href":"https:\/\/www.europesays.com\/se\/wp-json\/wp\/v2\/categories?post=131949"},{"taxonomy":"post_tag","embeddable":true,"href":"https:\/\/www.europesays.com\/se\/wp-json\/wp\/v2\/tags?post=131949"}],"curies":[{"name":"wp","href":"https:\/\/api.w.org\/{rel}","templated":true}]}}