{"id":131951,"date":"2026-01-11T03:10:17","date_gmt":"2026-01-11T03:10:17","guid":{"rendered":"https:\/\/www.europesays.com\/se\/131951\/"},"modified":"2026-01-11T03:10:17","modified_gmt":"2026-01-11T03:10:17","slug":"tydlig-motsattning-mellan-trump-och-oljejattarna","status":"publish","type":"post","link":"https:\/\/www.europesays.com\/se\/131951\/","title":{"rendered":"Tydlig mots\u00e4ttning mellan Trump och oljej\u00e4ttarna"},"content":{"rendered":"<p>Donald Trump vill att \u201dBig oil\u201d ska hj\u00e4lpa honom att utvinna Venezuelas olja.<\/p>\n<p>Men \u00e5sikterna om oljemarknadens framtid g\u00e5r is\u00e4r, det stod klart n\u00e4r oljej\u00e4ttarna m\u00f6tte USA:s president i Vita huset.<\/p>\n<p>\u2013\u00a0Oljebolagen vill ju ha h\u00f6ga priser, medan Trump vill ha l\u00e5ga, s\u00e4ger r\u00e5varuanalytikern Christian Kopfer, som inte utesluter n\u00e5gon form av press f\u00f6r att de ska investera.<\/p>\n","protected":false},"excerpt":{"rendered":"Donald Trump vill att \u201dBig oil\u201d ska hj\u00e4lpa honom att utvinna Venezuelas olja. Men \u00e5sikterna om oljemarknadens framtid&hellip;\n","protected":false},"author":2,"featured_media":131952,"comment_status":"","ping_status":"","sticky":false,"template":"","format":"standard","meta":{"footnotes":""},"categories":[5],"tags":[22,23,26,27,17,21,24,25,28,29,15,16,18,34,31,33,32,30,19,20],"class_list":{"0":"post-131951","1":"post","2":"type-post","3":"status-publish","4":"format-standard","5":"has-post-thumbnail","7":"category-rubriker","8":"tag-breaking-news","9":"tag-breakingnews","10":"tag-featured-news","11":"tag-featurednews","12":"tag-headlines","13":"tag-huvudnyheter","14":"tag-latest-news","15":"tag-latestnews","16":"tag-main-news","17":"tag-mainnews","18":"tag-news","19":"tag-nyheter","20":"tag-rubriker","21":"tag-se","22":"tag-svenska","23":"tag-sverige","24":"tag-sweden","25":"tag-swedish","26":"tag-top-stories","27":"tag-topstories"},"share_on_mastodon":{"url":"https:\/\/pubeurope.com\/@se\/115874275141993592","error":""},"_links":{"self":[{"href":"https:\/\/www.europesays.com\/se\/wp-json\/wp\/v2\/posts\/131951","targetHints":{"allow":["GET"]}}],"collection":[{"href":"https:\/\/www.europesays.com\/se\/wp-json\/wp\/v2\/posts"}],"about":[{"href":"https:\/\/www.europesays.com\/se\/wp-json\/wp\/v2\/types\/post"}],"author":[{"embeddable":true,"href":"https:\/\/www.europesays.com\/se\/wp-json\/wp\/v2\/users\/2"}],"replies":[{"embeddable":true,"href":"https:\/\/www.europesays.com\/se\/wp-json\/wp\/v2\/comments?post=131951"}],"version-history":[{"count":0,"href":"https:\/\/www.europesays.com\/se\/wp-json\/wp\/v2\/posts\/131951\/revisions"}],"wp:featuredmedia":[{"embeddable":true,"href":"https:\/\/www.europesays.com\/se\/wp-json\/wp\/v2\/media\/131952"}],"wp:attachment":[{"href":"https:\/\/www.europesays.com\/se\/wp-json\/wp\/v2\/media?parent=131951"}],"wp:term":[{"taxonomy":"category","embeddable":true,"href":"https:\/\/www.europesays.com\/se\/wp-json\/wp\/v2\/categories?post=131951"},{"taxonomy":"post_tag","embeddable":true,"href":"https:\/\/www.europesays.com\/se\/wp-json\/wp\/v2\/tags?post=131951"}],"curies":[{"name":"wp","href":"https:\/\/api.w.org\/{rel}","templated":true}]}}