{"id":131955,"date":"2026-01-11T03:18:08","date_gmt":"2026-01-11T03:18:08","guid":{"rendered":"https:\/\/www.europesays.com\/se\/131955\/"},"modified":"2026-01-11T03:18:08","modified_gmt":"2026-01-11T03:18:08","slug":"hjalp-ar-pa-vag-till-iranierna","status":"publish","type":"post","link":"https:\/\/www.europesays.com\/se\/131955\/","title":{"rendered":"Hj\u00e4lp \u00e4r p\u00e5 v\u00e4g till iranierna"},"content":{"rendered":"<p>I g\u00e5r 14:01Uppdaterad I g\u00e5r 14:41<\/p>\n<p>Dela<\/p>\n<p>Truls M\u00f6reg\u00e5rdh har spelat klart i WTT Champions i Qatar.<\/p>\n<p>Sydkoreanen Jang Woojin blev f\u00f6r sv\u00e5r och kunde vinna med klara 4\u20131 i set i kvartsfinalen.<\/p>\n<p>\u00c5rets f\u00f6rsta delt\u00e4vling p\u00e5 v\u00e4rldstouren fick ett abrupt slut i kvartsfinalen f\u00f6r den svenske pingisstj\u00e4rnan.<\/p>\n<p>F\u00f6rst i det tredje setet vaknade Truls M\u00f6reg\u00e5rdh till liv, efter att ha f\u00f6rlorat de tv\u00e5 f\u00f6rsta seten klart. Tredje set togs hem av svensken efter en rysare.<\/p>\n<p>Men Jang Woojin, rankad 18 i v\u00e4rlden, l\u00e4t sig inte sl\u00e5s ned f\u00f6r det och fortsatte storspela.<\/p>\n<p>M\u00f6reg\u00e5rdh var chansl\u00f6s i det fj\u00e4rde setet och i det femte, som blev avg\u00f6rande, f\u00f6ll svensken med 10\u201312.<\/p>\n<p>F\u00f6rlustsiffrorna skrevs till 1\u20134 (5\u201311, 7\u201311, 11\u20139, 3\u201311, 10\u201312) f\u00f6r 23-\u00e5rige M\u00f6reg\u00e5rdh, som \u00e4r rankad femma i v\u00e4rlden.<\/p>\n","protected":false},"excerpt":{"rendered":"I g\u00e5r 14:01Uppdaterad I g\u00e5r 14:41 Dela Truls M\u00f6reg\u00e5rdh har spelat klart i WTT Champions i Qatar. Sydkoreanen&hellip;\n","protected":false},"author":2,"featured_media":14013,"comment_status":"","ping_status":"","sticky":false,"template":"","format":"standard","meta":{"footnotes":""},"categories":[5],"tags":[22,23,26,27,17,21,24,25,28,29,15,16,18,34,31,33,32,30,19,20],"class_list":{"0":"post-131955","1":"post","2":"type-post","3":"status-publish","4":"format-standard","5":"has-post-thumbnail","7":"category-rubriker","8":"tag-breaking-news","9":"tag-breakingnews","10":"tag-featured-news","11":"tag-featurednews","12":"tag-headlines","13":"tag-huvudnyheter","14":"tag-latest-news","15":"tag-latestnews","16":"tag-main-news","17":"tag-mainnews","18":"tag-news","19":"tag-nyheter","20":"tag-rubriker","21":"tag-se","22":"tag-svenska","23":"tag-sverige","24":"tag-sweden","25":"tag-swedish","26":"tag-top-stories","27":"tag-topstories"},"share_on_mastodon":{"url":"https:\/\/pubeurope.com\/@se\/115874306639489802","error":""},"_links":{"self":[{"href":"https:\/\/www.europesays.com\/se\/wp-json\/wp\/v2\/posts\/131955","targetHints":{"allow":["GET"]}}],"collection":[{"href":"https:\/\/www.europesays.com\/se\/wp-json\/wp\/v2\/posts"}],"about":[{"href":"https:\/\/www.europesays.com\/se\/wp-json\/wp\/v2\/types\/post"}],"author":[{"embeddable":true,"href":"https:\/\/www.europesays.com\/se\/wp-json\/wp\/v2\/users\/2"}],"replies":[{"embeddable":true,"href":"https:\/\/www.europesays.com\/se\/wp-json\/wp\/v2\/comments?post=131955"}],"version-history":[{"count":0,"href":"https:\/\/www.europesays.com\/se\/wp-json\/wp\/v2\/posts\/131955\/revisions"}],"wp:featuredmedia":[{"embeddable":true,"href":"https:\/\/www.europesays.com\/se\/wp-json\/wp\/v2\/media\/14013"}],"wp:attachment":[{"href":"https:\/\/www.europesays.com\/se\/wp-json\/wp\/v2\/media?parent=131955"}],"wp:term":[{"taxonomy":"category","embeddable":true,"href":"https:\/\/www.europesays.com\/se\/wp-json\/wp\/v2\/categories?post=131955"},{"taxonomy":"post_tag","embeddable":true,"href":"https:\/\/www.europesays.com\/se\/wp-json\/wp\/v2\/tags?post=131955"}],"curies":[{"name":"wp","href":"https:\/\/api.w.org\/{rel}","templated":true}]}}