{"id":131960,"date":"2026-01-11T04:17:08","date_gmt":"2026-01-11T04:17:08","guid":{"rendered":"https:\/\/www.europesays.com\/se\/131960\/"},"modified":"2026-01-11T04:17:08","modified_gmt":"2026-01-11T04:17:08","slug":"therese-johaug-har-fatt-en-son","status":"publish","type":"post","link":"https:\/\/www.europesays.com\/se\/131960\/","title":{"rendered":"Therese Johaug har f\u00e5tt en son"},"content":{"rendered":"<p>Publicerad 10 jan 2026 kl 22.33Uppdaterad kl 23.35<\/p>\n<p>L\u00e4ngdstj\u00e4rnan Therese Johaug har f\u00e5tt sitt andra barn.<\/p>\n<p>Detta avsl\u00f6jade programledaren under norska idrottsgalan.\u00a0<\/p>\n<p><img   alt=\"\"\/><\/p>\n<p>Therese Johaug.<\/p>\n<p>Foto: Lise \u00c5serud \/ NTB TT NYHETSBYR\u00c5N<\/p>\n<p>\u00d6ppna bild i helsk\u00e4rm<img loading=\"lazy\"   alt=\"\"\/> <\/p>\n<p>Foto: MARIUS SIMENSEN \/ BILDBYR\u00c5N<\/p>\n<p>\u00d6ppna bild i helsk\u00e4rm<img loading=\"lazy\"   alt=\"\"\/>\u00d6ppna bild i helsk\u00e4rm<\/p>\n<p>37-\u00e5riga <a href=\"https:\/\/www.expressen.se\/tagg\/person\/therese-johaug\/\" class=\"\" rel=\"nofollow noopener\" target=\"_blank\">Therese Johaug<\/a> har \u00e5ter lagt skidorna p\u00e5 hyllan efter fjol\u00e5rets comeback.<\/p>\n<p>D\u00e5 med siktet inst\u00e4llt p\u00e5 guld i femmilen p\u00e5 VM i Trondheim. Johaug fick n\u00f6ja sig med brons efter att ha spurtats ner av Frida Karlsson.<\/p>\n<p>F\u00f6r insatsen nominerades hon till priset som \u00e5rets kvinnliga idrottare p\u00e5 norska idrottsgalan, som vanns av gev\u00e4rsskytten Jeanette Hegg Duestad.<\/p>\n<p>Hon fick \u00e4ven ta emot galans hederspris tillsammans med skidskytten Johannes Thingnes B\u00f6.<\/p>\n<p>Videoh\u00e4lsningen fr\u00e5n sjukhuset<\/p>\n<p>En d\u00e5 gravid och r\u00f6rd Johaug skickade en videoh\u00e4lsning fr\u00e5n sjukhuset.\u00a0<\/p>\n<p>\u2013 Jag hade g\u00e4rna varit p\u00e5 Hamar men jag \u00e4r p\u00e5 sjukhuset, full av hormoner och redo att f\u00f6da. Jag s\u00e4tter stort v\u00e4rde p\u00e5 det h\u00e4r priset. Tusen tack, sade Johaug.<\/p>\n<p>D\u00e4refter avsl\u00f6jade programledaren Mia Hundvin att 37-\u00e5ringen f\u00e5tt en son.<\/p>\n<p>\u2013\u00a0Lille Nils \u00e4r f\u00f6dd, sade Hundvin.<\/p>\n<p>Therese Johaug har sedan tidigare dottern Kristin ihop med maken Nils Jakob Hoff.<\/p>\n","protected":false},"excerpt":{"rendered":"Publicerad 10 jan 2026 kl 22.33Uppdaterad kl 23.35 L\u00e4ngdstj\u00e4rnan Therese Johaug har f\u00e5tt sitt andra barn. Detta avsl\u00f6jade&hellip;\n","protected":false},"author":2,"featured_media":131961,"comment_status":"","ping_status":"","sticky":false,"template":"","format":"standard","meta":{"footnotes":""},"categories":[68],"tags":[254,2892,34,857,111,110,31,33,32,30],"class_list":{"0":"post-131960","1":"post","2":"type-post","3":"status-publish","4":"format-standard","5":"has-post-thumbnail","7":"category-sport","8":"tag-location-norge","9":"tag-person-therese-johaug","10":"tag-se","11":"tag-sections-langdskidor","12":"tag-sport","13":"tag-sports","14":"tag-svenska","15":"tag-sverige","16":"tag-sweden","17":"tag-swedish"},"share_on_mastodon":{"url":"https:\/\/pubeurope.com\/@se\/115874538706437595","error":""},"_links":{"self":[{"href":"https:\/\/www.europesays.com\/se\/wp-json\/wp\/v2\/posts\/131960","targetHints":{"allow":["GET"]}}],"collection":[{"href":"https:\/\/www.europesays.com\/se\/wp-json\/wp\/v2\/posts"}],"about":[{"href":"https:\/\/www.europesays.com\/se\/wp-json\/wp\/v2\/types\/post"}],"author":[{"embeddable":true,"href":"https:\/\/www.europesays.com\/se\/wp-json\/wp\/v2\/users\/2"}],"replies":[{"embeddable":true,"href":"https:\/\/www.europesays.com\/se\/wp-json\/wp\/v2\/comments?post=131960"}],"version-history":[{"count":0,"href":"https:\/\/www.europesays.com\/se\/wp-json\/wp\/v2\/posts\/131960\/revisions"}],"wp:featuredmedia":[{"embeddable":true,"href":"https:\/\/www.europesays.com\/se\/wp-json\/wp\/v2\/media\/131961"}],"wp:attachment":[{"href":"https:\/\/www.europesays.com\/se\/wp-json\/wp\/v2\/media?parent=131960"}],"wp:term":[{"taxonomy":"category","embeddable":true,"href":"https:\/\/www.europesays.com\/se\/wp-json\/wp\/v2\/categories?post=131960"},{"taxonomy":"post_tag","embeddable":true,"href":"https:\/\/www.europesays.com\/se\/wp-json\/wp\/v2\/tags?post=131960"}],"curies":[{"name":"wp","href":"https:\/\/api.w.org\/{rel}","templated":true}]}}