{"id":131970,"date":"2026-01-11T04:30:30","date_gmt":"2026-01-11T04:30:30","guid":{"rendered":"https:\/\/www.europesays.com\/se\/131970\/"},"modified":"2026-01-11T04:30:30","modified_gmt":"2026-01-11T04:30:30","slug":"ranare-utvisas-efter-valdsam-oststold-pa-ica","status":"publish","type":"post","link":"https:\/\/www.europesays.com\/se\/131970\/","title":{"rendered":"R\u00e5nare utvisas efter v\u00e5ldsam ostst\u00f6ld p\u00e5 Ica"},"content":{"rendered":"<p class=\"ort\">N\u00e4ckrosen<\/p>\n<p class=\"text\">Med tom kundkorg och fylld ryggs\u00e4ck passerade mannen kassan och l\u00e4mnade butiken.<\/p>\n<p class=\"text\">Personalen p\u00e5 Ica Skogsbacken blev misst\u00e4nksam.<\/p>\n<p class=\"text\">De tittade snabbt p\u00e5 \u00f6vervakningsfilmen och s\u00e5g hur mannen hade plockat p\u00e5 sig \u00e5tta ostar fr\u00e5n hyllorna.<\/p>\n<p class=\"text\">Tv\u00e5 butiksanst\u00e4llda f\u00f6ljde efter honom och ingripandet p\u00e5 Storskogstorget blev tumultartat. <\/p>\n<p class=\"text\">Mannen slog en av kollegorna i ansiktet och hotade att hugga honom.<\/p>\n<p>F\u00e4ngelse och utvisning<\/p>\n<p class=\"text\">H\u00e4ndelsen intr\u00e4ffade i september i fjol. Nu har tingsr\u00e4tten d\u00f6mt honom f\u00f6r r\u00e5n till f\u00e4ngelse i ett och ett halvt \u00e5r samt utvisning, d\u00e5 han dels beg\u00e5tt brott tidigare dels bed\u00f6ms sakna stark anknytning till landet. <\/p>\n<p class=\"text\">Han ska ocks\u00e5 betala skadest\u00e5nd till den som skadades.<\/p>\n<p class=\"text\">Positivt att mannen d\u00f6mts, s\u00e4ger butikschefen Philip Nodemar, som samtidigt ser allvarligt p\u00e5 att personalen utsatts f\u00f6r v\u00e5ld och hot.<\/p>\n<p class=\"text\">\u2013 Man ska inte vara orolig n\u00e4r man \u00e4r p\u00e5 jobbet. M\u00e5nga har sin f\u00f6rsta arbetsplats h\u00e4r i butiken och d\u00e5 ska man k\u00e4nna sig trygg. <\/p>\n<p class=\"text\">Medarbetare p\u00e5 Ica Skogsbacken har i tidigare artiklar i Mitt i ber\u00e4ttat om den <a target=\"_blank\" rel=\"noopener nofollow\" href=\"https:\/\/www.mitti.se\/nyheter\/stoldvag-i-butiken-efter-sparroppningen-6.3.274638.acdc904ce7\">st\u00f6ldv\u00e5g mot butiken<\/a> som de sett som en konsekvens av tunnelbanans \u00f6ppna sp\u00e4rrar p\u00e5 station N\u00e4ckrosen. <\/p>\n<p><img decoding=\"async\" class=\"Image Image_\" src=\"\" data-aghref=\"http:\/\/www.mitti.se\/image-3.338396.271424.20260109050448.9d567a327e\" data-agimagetype=\"hardcrop\" alt=\"Philip Nodemar vid butiksentr\u00e9n som i fjol byggdes om f\u00f6r att f\u00e5 bukt med st\u00f6lderna. Arkivbild.\"\/><\/p>\n<p class=\"Caption\">Philip Nodemar vid butiksentr\u00e9n som i fjol byggdes om f\u00f6r att f\u00e5 bukt med st\u00f6lderna. Arkivbild.<\/p>\n<p class=\"Source\">Angie Gray<\/p>\n<p class=\"text\">S\u00e4rskilt ost, k\u00f6tt och olja b\u00f6rjade f\u00f6rsvinna i stora volymer n\u00e4r tjuvarna kunde f\u00f6rsvinna rakt ner i tunnelbanan och personal har m\u00e5nga g\u00e5nger sprungit efter. <\/p>\n<p class=\"citat\">Man ska inte vara orolig n\u00e4r man \u00e4r p\u00e5 jobbet.<\/p>\n<p class=\"text\">I domen fr\u00e5n Solna tingsr\u00e4tt erk\u00e4nner mannen att han stal osten f\u00f6r att s\u00e4lja den vidare.<\/p>\n<p>Lugnare nu <\/p>\n<p class=\"text\">Butiken har gjort flera insatser f\u00f6r att motverka st\u00f6lderna, bland annat har man l\u00e5st in varor, byggt om entr\u00e9n och inf\u00f6rt ett system som inneb\u00e4r att det alltid \u00e4r minst tv\u00e5 personal p\u00e5 plats.<\/p>\n<p class=\"text\">De har ocks\u00e5 f\u00f6rs\u00f6kt f\u00e5 SL att <a target=\"_blank\" rel=\"noopener nofollow\" href=\"https:\/\/www.mitti.se\/nyheter\/strommer-pa-icabesok-stang-sparrarna-6.3.314405.25cdbb0d05\">\u00e5terinf\u00f6ra sp\u00e4rrarna<\/a>. S\u00e5 gjordes i mitten av december n\u00e4r pilotprojektet avslutades. <\/p>\n<p class=\"text\">\u2013 Det \u00e4r s\u00e5 klart j\u00e4ttesk\u00f6nt. Jag upplever att det \u00e4r lugnare nu, det har inte skett n\u00e5gra st\u00f6rre incidenter sedan sp\u00e4rrarna kom tillbaka, s\u00e4ger Philip Nodemar. <\/p>\n","protected":false},"excerpt":{"rendered":"N\u00e4ckrosen Med tom kundkorg och fylld ryggs\u00e4ck passerade mannen kassan och l\u00e4mnade butiken. Personalen p\u00e5 Ica Skogsbacken blev&hellip;\n","protected":false},"author":2,"featured_media":131971,"comment_status":"","ping_status":"","sticky":false,"template":"","format":"standard","meta":{"footnotes":""},"categories":[12],"tags":[22,23,26,27,17,21,24,25,28,29,15,16,18,34,31,33,32,30,19,20],"class_list":{"0":"post-131970","1":"post","2":"type-post","3":"status-publish","4":"format-standard","5":"has-post-thumbnail","7":"category-sverige","8":"tag-breaking-news","9":"tag-breakingnews","10":"tag-featured-news","11":"tag-featurednews","12":"tag-headlines","13":"tag-huvudnyheter","14":"tag-latest-news","15":"tag-latestnews","16":"tag-main-news","17":"tag-mainnews","18":"tag-news","19":"tag-nyheter","20":"tag-rubriker","21":"tag-se","22":"tag-svenska","23":"tag-sverige","24":"tag-sweden","25":"tag-swedish","26":"tag-top-stories","27":"tag-topstories"},"share_on_mastodon":{"url":"https:\/\/pubeurope.com\/@se\/115874589780251659","error":""},"_links":{"self":[{"href":"https:\/\/www.europesays.com\/se\/wp-json\/wp\/v2\/posts\/131970","targetHints":{"allow":["GET"]}}],"collection":[{"href":"https:\/\/www.europesays.com\/se\/wp-json\/wp\/v2\/posts"}],"about":[{"href":"https:\/\/www.europesays.com\/se\/wp-json\/wp\/v2\/types\/post"}],"author":[{"embeddable":true,"href":"https:\/\/www.europesays.com\/se\/wp-json\/wp\/v2\/users\/2"}],"replies":[{"embeddable":true,"href":"https:\/\/www.europesays.com\/se\/wp-json\/wp\/v2\/comments?post=131970"}],"version-history":[{"count":0,"href":"https:\/\/www.europesays.com\/se\/wp-json\/wp\/v2\/posts\/131970\/revisions"}],"wp:featuredmedia":[{"embeddable":true,"href":"https:\/\/www.europesays.com\/se\/wp-json\/wp\/v2\/media\/131971"}],"wp:attachment":[{"href":"https:\/\/www.europesays.com\/se\/wp-json\/wp\/v2\/media?parent=131970"}],"wp:term":[{"taxonomy":"category","embeddable":true,"href":"https:\/\/www.europesays.com\/se\/wp-json\/wp\/v2\/categories?post=131970"},{"taxonomy":"post_tag","embeddable":true,"href":"https:\/\/www.europesays.com\/se\/wp-json\/wp\/v2\/tags?post=131970"}],"curies":[{"name":"wp","href":"https:\/\/api.w.org\/{rel}","templated":true}]}}