{"id":131987,"date":"2026-01-11T04:57:09","date_gmt":"2026-01-11T04:57:09","guid":{"rendered":"https:\/\/www.europesays.com\/se\/131987\/"},"modified":"2026-01-11T04:57:09","modified_gmt":"2026-01-11T04:57:09","slug":"nylander-glanste-i-comebacken","status":"publish","type":"post","link":"https:\/\/www.europesays.com\/se\/131987\/","title":{"rendered":"Nylander gl\u00e4nste i comebacken"},"content":{"rendered":"<p>share-arrowDela<\/p>\n<p>unsaveSpara<\/p>\n<p>expand-left<\/p>\n<p>helsk\u00e4rm<img decoding=\"async\" class=\"image-asset hyperion-css-u06ts1\" data-test-tag=\"image-asset\" src=\"https:\/\/www.europesays.com\/se\/wp-content\/uploads\/2026\/01\/0c0629f7-a1a6-4073-bd43-ab55a49d6254.jpeg\"  alt=\"William Nylander \u00e4r tillbaka.\"  loading=\"eager\" fetchpriority=\"high\" style=\"aspect-ratio:1900 \/ 1268\"\/>William Nylander \u00e4r tillbaka. Foto: Frank Gunn\/The Canadian Press Via AP\/TT<\/p>\n<p class=\"hyperion-css-1shl3oz\" data-test-tag=\"lead-text\">William Nylander \u00e4r tillbaka med besked. Svensken var starkt bidragande till att Toronto besegrade Vancouver p\u00e5 hemmaplan med 5\u20130.<\/p>\n<p class=\"hyperion-css-1v9qo5x\">Efter att ha brottats med en underkroppsskada som h\u00e5llit honom borta fr\u00e5n spel i sex raka NHL-matcher var William Nylander tillbaka p\u00e5 isen.<\/p>\n<p class=\"hyperion-css-1v9qo5x\">\u2013 Han bidrar med offensiv kraft och tillf\u00f6r mycket p\u00e5 m\u00e5nga omr\u00e5den. Det \u00e4r fantastiskt att ha honom tillbaka, sade Torontos tr\u00e4nare Craig Berube inf\u00f6r matchen mot Vancouver natten mot s\u00f6ndag.<\/p>\n<p class=\"hyperion-css-1v9qo5x\">29-\u00e5ringen visade direkt hur mycket av ett tillskott han kan vara. En v\u00e4lplacerad pass fr\u00e5n t\u00e4tt inp\u00e5 sargen till Matias Maccelli som satte 1\u20130 efter \u00e5tta spelade minuter var bara b\u00f6rjan p\u00e5 Nylanders kv\u00e4ll.<\/p>\n<p class=\"hyperion-css-1v9qo5x\">Tolv minuter senare petade han sj\u00e4lv in 3\u20130, hans 15:e m\u00e5l f\u00f6r s\u00e4songen.<\/p>\n<p class=\"hyperion-css-1v9qo5x\">Det skulle bli ytterligare en po\u00e4ng i matchen f\u00f6r Nylander. I den andra perioden br\u00f6t han Zeev Buiums pass f\u00f6r att sedan skicka pucken direkt till John Tavares. Veteranen kom ensam med nyinbytte Kevin Lankinen i Vancouverm\u00e5let och hade inte n\u00e5gra problem att s\u00e4tta 4\u20130.<\/p>\n<p class=\"hyperion-css-1v9qo5x\">Nylander, som \u00e4r en del av den svenska OS-truppen, har st\u00e5tt f\u00f6r 44 po\u00e4ng hittills denna s\u00e4song \u2013 flest i Toronto och tredje flest bland svenska spelare i ligan, efter Lucas Raymond (Detroit) och Leo Carlsson (Anaheim).<\/p>\n","protected":false},"excerpt":{"rendered":"share-arrowDela unsaveSpara expand-left helsk\u00e4rmWilliam Nylander \u00e4r tillbaka. Foto: Frank Gunn\/The Canadian Press Via AP\/TT William Nylander \u00e4r tillbaka&hellip;\n","protected":false},"author":2,"featured_media":131988,"comment_status":"","ping_status":"","sticky":false,"template":"","format":"standard","meta":{"footnotes":""},"categories":[68],"tags":[34,111,110,31,33,32,30],"class_list":{"0":"post-131987","1":"post","2":"type-post","3":"status-publish","4":"format-standard","5":"has-post-thumbnail","7":"category-sport","8":"tag-se","9":"tag-sport","10":"tag-sports","11":"tag-svenska","12":"tag-sverige","13":"tag-sweden","14":"tag-swedish"},"share_on_mastodon":{"url":"https:\/\/pubeurope.com\/@se\/115874695953629088","error":""},"_links":{"self":[{"href":"https:\/\/www.europesays.com\/se\/wp-json\/wp\/v2\/posts\/131987","targetHints":{"allow":["GET"]}}],"collection":[{"href":"https:\/\/www.europesays.com\/se\/wp-json\/wp\/v2\/posts"}],"about":[{"href":"https:\/\/www.europesays.com\/se\/wp-json\/wp\/v2\/types\/post"}],"author":[{"embeddable":true,"href":"https:\/\/www.europesays.com\/se\/wp-json\/wp\/v2\/users\/2"}],"replies":[{"embeddable":true,"href":"https:\/\/www.europesays.com\/se\/wp-json\/wp\/v2\/comments?post=131987"}],"version-history":[{"count":0,"href":"https:\/\/www.europesays.com\/se\/wp-json\/wp\/v2\/posts\/131987\/revisions"}],"wp:featuredmedia":[{"embeddable":true,"href":"https:\/\/www.europesays.com\/se\/wp-json\/wp\/v2\/media\/131988"}],"wp:attachment":[{"href":"https:\/\/www.europesays.com\/se\/wp-json\/wp\/v2\/media?parent=131987"}],"wp:term":[{"taxonomy":"category","embeddable":true,"href":"https:\/\/www.europesays.com\/se\/wp-json\/wp\/v2\/categories?post=131987"},{"taxonomy":"post_tag","embeddable":true,"href":"https:\/\/www.europesays.com\/se\/wp-json\/wp\/v2\/tags?post=131987"}],"curies":[{"name":"wp","href":"https:\/\/api.w.org\/{rel}","templated":true}]}}