{"id":131989,"date":"2026-01-11T04:58:07","date_gmt":"2026-01-11T04:58:07","guid":{"rendered":"https:\/\/www.europesays.com\/se\/131989\/"},"modified":"2026-01-11T04:58:07","modified_gmt":"2026-01-11T04:58:07","slug":"grateful-dead-gitarristen-bob-weir-har-dott","status":"publish","type":"post","link":"https:\/\/www.europesays.com\/se\/131989\/","title":{"rendered":"Grateful Dead-gitarristen Bob Weir har d\u00f6tt"},"content":{"rendered":"<p>Bob Weir, gitarrist i bandet Grateful Dead, har d\u00f6tt efter en tids sjukdom. Det uppger familjen i ett uttalande, rapporterar TMZ.<\/p>\n<p>Weir var med och grundade Grateful Dead (som d\u00e5 hette Warlocks) tillsammans med Ron McKernan, Phil Lesh och Bill Kreutzmann \u00e5r 1965. Grateful Dead har s\u00e5lt \u00f6ver 35 miljoner skivor.<\/p>\n<p>\u201dBobby kommer f\u00f6r evigt att vara en v\u00e4gvisande kraft vars unika konstn\u00e4rskap omformade amerikansk musik\u201d, skriver familjen i ett uttalande p\u00e5 Instagram som citeras av TT.<\/p>\n<p>Bob Weir diagnostiserades med cancer i juli 2025. Han blev 78 \u00e5r.<\/p>\n<p>Omni \u00e4r politiskt obundna och oberoende. Vi str\u00e4var efter att ge fler perspektiv p\u00e5 nyheterna. Har du fr\u00e5gor eller synpunkter kring v\u00e5r rapportering? <a href=\"https:\/\/omni.se\/grateful-dead-gitarristen-bob-weir-har-dott\/a\/mailto:redaktion@omni.se\" class=\"ArticleActions_contactLink__W2F1M\" rel=\"nofollow noopener\" target=\"_blank\">Kontakta redaktionen<\/a><\/p>\n","protected":false},"excerpt":{"rendered":"Bob Weir, gitarrist i bandet Grateful Dead, har d\u00f6tt efter en tids sjukdom. Det uppger familjen i ett&hellip;\n","protected":false},"author":2,"featured_media":131990,"comment_status":"","ping_status":"","sticky":false,"template":"","format":"standard","meta":{"footnotes":""},"categories":[67],"tags":[104,13481,172,34,31,33,32,30,105],"class_list":{"0":"post-131989","1":"post","2":"type-post","3":"status-publish","4":"format-standard","5":"has-post-thumbnail","7":"category-underhallning","8":"tag-entertainment","9":"tag-grateful-dead","10":"tag-musik","11":"tag-se","12":"tag-svenska","13":"tag-sverige","14":"tag-sweden","15":"tag-swedish","16":"tag-underhallning"},"share_on_mastodon":{"url":"https:\/\/pubeurope.com\/@se\/115874699811670812","error":""},"_links":{"self":[{"href":"https:\/\/www.europesays.com\/se\/wp-json\/wp\/v2\/posts\/131989","targetHints":{"allow":["GET"]}}],"collection":[{"href":"https:\/\/www.europesays.com\/se\/wp-json\/wp\/v2\/posts"}],"about":[{"href":"https:\/\/www.europesays.com\/se\/wp-json\/wp\/v2\/types\/post"}],"author":[{"embeddable":true,"href":"https:\/\/www.europesays.com\/se\/wp-json\/wp\/v2\/users\/2"}],"replies":[{"embeddable":true,"href":"https:\/\/www.europesays.com\/se\/wp-json\/wp\/v2\/comments?post=131989"}],"version-history":[{"count":0,"href":"https:\/\/www.europesays.com\/se\/wp-json\/wp\/v2\/posts\/131989\/revisions"}],"wp:featuredmedia":[{"embeddable":true,"href":"https:\/\/www.europesays.com\/se\/wp-json\/wp\/v2\/media\/131990"}],"wp:attachment":[{"href":"https:\/\/www.europesays.com\/se\/wp-json\/wp\/v2\/media?parent=131989"}],"wp:term":[{"taxonomy":"category","embeddable":true,"href":"https:\/\/www.europesays.com\/se\/wp-json\/wp\/v2\/categories?post=131989"},{"taxonomy":"post_tag","embeddable":true,"href":"https:\/\/www.europesays.com\/se\/wp-json\/wp\/v2\/tags?post=131989"}],"curies":[{"name":"wp","href":"https:\/\/api.w.org\/{rel}","templated":true}]}}