{"id":131991,"date":"2026-01-11T05:02:06","date_gmt":"2026-01-11T05:02:06","guid":{"rendered":"https:\/\/www.europesays.com\/se\/131991\/"},"modified":"2026-01-11T05:02:06","modified_gmt":"2026-01-11T05:02:06","slug":"polisinsats-i-stockholm-efter-flera-bedrageriforsok-mot-aldre","status":"publish","type":"post","link":"https:\/\/www.europesays.com\/se\/131991\/","title":{"rendered":"Polisinsats i Stockholm efter flera bedr\u00e4gerif\u00f6rs\u00f6k mot \u00e4ldre"},"content":{"rendered":"<p>Mellan klockan 18 och 21 har polisen i Stockholm f\u00e5tt in fyra \u00e4renden om bedr\u00e4gerif\u00f6rs\u00f6k i l\u00e4net, som varit riktade mot \u00e4ldre kvinnor. Tv\u00e5 av fallen var p\u00e5 S\u00f6dermalm, ett i City och ett i Haninge.<\/p>\n<p>\u2013 Det \u00e4r \u00e4renden som har intr\u00e4ffat efter klockan 18 och som alla har riktat in sig mot kvinnor mellan 80 och 90 \u00e5r, s\u00e4ger Ola \u00d6sterling, presstalesperson vid polisen i Stockholm.<\/p>\n<p>Vid samtliga bedr\u00e4gerif\u00f6rs\u00f6k har brottslingarna f\u00f6rst ringt och utgett sig fr\u00e5n att komma fr\u00e5n finansf\u00f6retaget Klarna, enligt polisen. Bedragarna har sagt att personen best\u00e4llt ett kort som man ska kvittera ut och i n\u00e5got fall har man \u00e4ven utgett sig f\u00f6r att komma fr\u00e5n f\u00f6rs\u00e4kringsbolag.<\/p>\n<p>\u2013 I vissa fall har man kommit \u00e5t bank-id och kontouppgifter, men vi har ocks\u00e5 lyckats stoppa vissa delar, s\u00e4ger Ola \u00d6sterling.<\/p>\n<p><strong>Ett av bedr\u00e4gerif\u00f6rs\u00f6ken<\/strong> fullbordades och bedragarna lyckades lura till sig en p\u00e5se med smycken.<\/p>\n<p>Ett annat fall \u00f6vergick till ett r\u00e5n.<\/p>\n<p>\u2013 G\u00e4rningsmannen f\u00f6rm\u00e5dde en av kvinnorna att samla sina smycken som man r\u00e5nade henne p\u00e5. Det inleddes p\u00e5 samma s\u00e4tt som de andra, men \u00f6vergick till en kamp om smycken d\u00e4r man \u00e4ven ut\u00f6vat visst v\u00e5ld mot henne.<\/p>\n<p><strong>Nu p\u00e5g\u00e5r en samordnad<\/strong> insats i Stockholm, eftersom polisen ser gemensamma n\u00e4mnare i de fyra fallen.<\/p>\n<p>\u2013 Vi har en stor resurs som jobbar med det h\u00e4r och kommer forts\u00e4tta jobba in \u00f6ver natten. Vi h\u00e5ller f\u00f6rh\u00f6r med m\u00e5ls\u00e4gande och anh\u00f6riga och tar in m\u00e4ngder med uppgifter f\u00f6r att skapa en s\u00e5 detaljerad l\u00e4gesbild som m\u00f6jligt.<\/p>\n<p>\u2013 Vi vill ocks\u00e5 uppmana anh\u00f6riga och v\u00e4nner till \u00e4ldre m\u00e4nniskor att f\u00f6rs\u00f6ka informera om det h\u00e4r, s\u00e4ger Ola \u00d6sterling.<\/p>\n<p>Polisen vill inte svara p\u00e5 om n\u00e5gon har gripits.<\/p>\n<p>\u2013 Vi h\u00e5ller p\u00e5 med en intensiv insats och jag vill inte f\u00f6rst\u00f6ra utredningen.<\/p>\n","protected":false},"excerpt":{"rendered":"Mellan klockan 18 och 21 har polisen i Stockholm f\u00e5tt in fyra \u00e4renden om bedr\u00e4gerif\u00f6rs\u00f6k i l\u00e4net, som&hellip;\n","protected":false},"author":2,"featured_media":131992,"comment_status":"","ping_status":"","sticky":false,"template":"","format":"standard","meta":{"footnotes":""},"categories":[12],"tags":[22,23,26,27,17,21,24,25,28,29,15,16,18,34,31,33,32,30,19,20],"class_list":{"0":"post-131991","1":"post","2":"type-post","3":"status-publish","4":"format-standard","5":"has-post-thumbnail","7":"category-sverige","8":"tag-breaking-news","9":"tag-breakingnews","10":"tag-featured-news","11":"tag-featurednews","12":"tag-headlines","13":"tag-huvudnyheter","14":"tag-latest-news","15":"tag-latestnews","16":"tag-main-news","17":"tag-mainnews","18":"tag-news","19":"tag-nyheter","20":"tag-rubriker","21":"tag-se","22":"tag-svenska","23":"tag-sverige","24":"tag-sweden","25":"tag-swedish","26":"tag-top-stories","27":"tag-topstories"},"share_on_mastodon":{"url":"https:\/\/pubeurope.com\/@se\/115874715625526950","error":""},"_links":{"self":[{"href":"https:\/\/www.europesays.com\/se\/wp-json\/wp\/v2\/posts\/131991","targetHints":{"allow":["GET"]}}],"collection":[{"href":"https:\/\/www.europesays.com\/se\/wp-json\/wp\/v2\/posts"}],"about":[{"href":"https:\/\/www.europesays.com\/se\/wp-json\/wp\/v2\/types\/post"}],"author":[{"embeddable":true,"href":"https:\/\/www.europesays.com\/se\/wp-json\/wp\/v2\/users\/2"}],"replies":[{"embeddable":true,"href":"https:\/\/www.europesays.com\/se\/wp-json\/wp\/v2\/comments?post=131991"}],"version-history":[{"count":0,"href":"https:\/\/www.europesays.com\/se\/wp-json\/wp\/v2\/posts\/131991\/revisions"}],"wp:featuredmedia":[{"embeddable":true,"href":"https:\/\/www.europesays.com\/se\/wp-json\/wp\/v2\/media\/131992"}],"wp:attachment":[{"href":"https:\/\/www.europesays.com\/se\/wp-json\/wp\/v2\/media?parent=131991"}],"wp:term":[{"taxonomy":"category","embeddable":true,"href":"https:\/\/www.europesays.com\/se\/wp-json\/wp\/v2\/categories?post=131991"},{"taxonomy":"post_tag","embeddable":true,"href":"https:\/\/www.europesays.com\/se\/wp-json\/wp\/v2\/tags?post=131991"}],"curies":[{"name":"wp","href":"https:\/\/api.w.org\/{rel}","templated":true}]}}