{"id":131993,"date":"2026-01-11T05:03:24","date_gmt":"2026-01-11T05:03:24","guid":{"rendered":"https:\/\/www.europesays.com\/se\/131993\/"},"modified":"2026-01-11T05:03:24","modified_gmt":"2026-01-11T05:03:24","slug":"tusentals-irlandska-bonder-i-mercosur-protest","status":"publish","type":"post","link":"https:\/\/www.europesays.com\/se\/131993\/","title":{"rendered":"Tusentals irl\u00e4ndska b\u00f6nder i Mercosur-protest"},"content":{"rendered":"<p class=\"boxtextgrotesk-root_baa6 hyperion-css-7pajle\">Publicerad 2026-01-10 16.27<\/p>\n<p>share-arrowDela<\/p>\n<p>unsaveSpara<\/p>\n<p>expand-left<\/p>\n<p>helsk\u00e4rm<img decoding=\"async\" class=\"image-asset hyperion-css-u06ts1\" data-test-tag=\"image-asset\" src=\"https:\/\/www.europesays.com\/se\/wp-content\/uploads\/2026\/01\/50cf611a-6cb9-40d9-b8cf-fc049359336c.jpeg\"  alt=\"Mercosur-kritiska demonstranter i Irland p\u00e5 l\u00f6rdagen.\"  loading=\"eager\" fetchpriority=\"high\" style=\"aspect-ratio:1900 \/ 1425\"\/>Mercosur-kritiska demonstranter i Irland p\u00e5 l\u00f6rdagen. Foto: Cillian Sherlock\/AP\/TT<\/p>\n<p class=\"hyperion-css-1shl3oz\" data-test-tag=\"lead-text\">Flera tusen irl\u00e4ndska b\u00f6nder protesterar mot EU:s planerade handelsavtal med Mercosurl\u00e4nderna i Latinamerika.<\/p>\n<p class=\"hyperion-css-1v9qo5x\">Bland demonstranterna som marscherar p\u00e5 en v\u00e4g tillh\u00f6rande Athlone i mellersta Irland p\u00e5 l\u00f6rdagen syns traktorer och plakat med texten \u201dStoppa EU-Mercosur\u201d.<\/p>\n<p class=\"hyperion-css-1v9qo5x\">Protesterna f\u00f6ljer p\u00e5 liknande initiativ i Polen och Frankrike, d\u00e4r b\u00f6nder p\u00e5 under fredagen blockerade v\u00e4gar i samband med att avtalet fick gr\u00f6nt ljus via en skriftlig procedur, d\u00e4r en majoritet av unionens l\u00e4nder r\u00f6stade ja.<\/p>\n<p class=\"hyperion-css-1v9qo5x\">EU och Mercosur-l\u00e4nderna \u2013 Brasilien, Uruguay, Argentina och Paraguay \u2013 har \u00e4nda sedan 1999 f\u00f6rhandlat om ett frihandelsavtal.<\/p>\n<p class=\"hyperion-css-1v9qo5x\">Hos unionens b\u00f6nder har det l\u00e4nge funnits ett motst\u00e5nd mot \u00f6verenskommelsen med h\u00e4nvisning till att priset p\u00e5 jordbruksprodukter kan komma att pressas ned\u00e5t n\u00e4r billigare produkter fr\u00e5n Latinamerika str\u00f6mmar in p\u00e5 den europeiska marknaden.<\/p>\n","protected":false},"excerpt":{"rendered":"Publicerad 2026-01-10 16.27 share-arrowDela unsaveSpara expand-left helsk\u00e4rmMercosur-kritiska demonstranter i Irland p\u00e5 l\u00f6rdagen. Foto: Cillian Sherlock\/AP\/TT Flera tusen irl\u00e4ndska&hellip;\n","protected":false},"author":2,"featured_media":131994,"comment_status":"","ping_status":"","sticky":false,"template":"","format":"standard","meta":{"footnotes":""},"categories":[5],"tags":[22,23,26,27,17,21,24,25,28,29,15,16,18,34,31,33,32,30,19,20],"class_list":{"0":"post-131993","1":"post","2":"type-post","3":"status-publish","4":"format-standard","5":"has-post-thumbnail","7":"category-rubriker","8":"tag-breaking-news","9":"tag-breakingnews","10":"tag-featured-news","11":"tag-featurednews","12":"tag-headlines","13":"tag-huvudnyheter","14":"tag-latest-news","15":"tag-latestnews","16":"tag-main-news","17":"tag-mainnews","18":"tag-news","19":"tag-nyheter","20":"tag-rubriker","21":"tag-se","22":"tag-svenska","23":"tag-sverige","24":"tag-sweden","25":"tag-swedish","26":"tag-top-stories","27":"tag-topstories"},"share_on_mastodon":{"url":"https:\/\/pubeurope.com\/@se\/115874719519031162","error":""},"_links":{"self":[{"href":"https:\/\/www.europesays.com\/se\/wp-json\/wp\/v2\/posts\/131993","targetHints":{"allow":["GET"]}}],"collection":[{"href":"https:\/\/www.europesays.com\/se\/wp-json\/wp\/v2\/posts"}],"about":[{"href":"https:\/\/www.europesays.com\/se\/wp-json\/wp\/v2\/types\/post"}],"author":[{"embeddable":true,"href":"https:\/\/www.europesays.com\/se\/wp-json\/wp\/v2\/users\/2"}],"replies":[{"embeddable":true,"href":"https:\/\/www.europesays.com\/se\/wp-json\/wp\/v2\/comments?post=131993"}],"version-history":[{"count":0,"href":"https:\/\/www.europesays.com\/se\/wp-json\/wp\/v2\/posts\/131993\/revisions"}],"wp:featuredmedia":[{"embeddable":true,"href":"https:\/\/www.europesays.com\/se\/wp-json\/wp\/v2\/media\/131994"}],"wp:attachment":[{"href":"https:\/\/www.europesays.com\/se\/wp-json\/wp\/v2\/media?parent=131993"}],"wp:term":[{"taxonomy":"category","embeddable":true,"href":"https:\/\/www.europesays.com\/se\/wp-json\/wp\/v2\/categories?post=131993"},{"taxonomy":"post_tag","embeddable":true,"href":"https:\/\/www.europesays.com\/se\/wp-json\/wp\/v2\/tags?post=131993"}],"curies":[{"name":"wp","href":"https:\/\/api.w.org\/{rel}","templated":true}]}}