{"id":131999,"date":"2026-01-11T05:09:06","date_gmt":"2026-01-11T05:09:06","guid":{"rendered":"https:\/\/www.europesays.com\/se\/131999\/"},"modified":"2026-01-11T05:09:06","modified_gmt":"2026-01-11T05:09:06","slug":"forsvarspolitiker-usas-spel-mot-gronland-hotar-var-sakerhet","status":"publish","type":"post","link":"https:\/\/www.europesays.com\/se\/131999\/","title":{"rendered":"F\u00f6rsvarspolitiker: USA:s spel mot Gr\u00f6nland hotar v\u00e5r s\u00e4kerhet"},"content":{"rendered":"<p>Tidigare f\u00f6rsvarsministern Peter Hultqvist s\u00e4ger att USA:s agerande kan ha \u201dv\u00e4ldigt l\u00e5ngsiktigt negativa effekter\u201d f\u00f6r styrkan i Nato och de transatlantiska relationerna. Han f\u00e5r medh\u00e5ll av tidigare moderate f\u00f6rsvarsministern Mikael Odenberg.<\/p>\n<p>\u2013 Det \u00e4r en v\u00e4ldigt skakig situation, hela s\u00e4kerhetsdoktrinen som Trump etablerat, den \u00e4r ju illavarslande f\u00f6r Europa.<\/p>\n<p>F\u00f6r att \u00f6ka trycket p\u00e5 USA vill Peter Hultqvist att EU, men ocks\u00e5 den svenska regeringen, g\u00f6r mer f\u00f6r att st\u00f6tta Danmark:<\/p>\n<p>\u2013 Jag tror att man naturligtvis \u00e4r omskakad. Jag tror att man delvis \u00e4r lite r\u00e5dvill om hur det h\u00e4r ska hanteras fram\u00f6ver, s\u00e4ger han.<\/p>\n<p>Han efterfr\u00e5gar mer initiativ fr\u00e5n regeringen i en \u201dfullst\u00e4ndigt oacceptabel utveckling\u201d. Hultqvist riktar ocks\u00e5 kritik mot att regeringen inte sammankallat partierna i riksdagen f\u00f6r att diskutera situationen.<\/p>\n<p>\u2013 Den som s\u00e4ger att det har gjorts tillr\u00e4ckligt i fallet Gr\u00f6nland befinner sig inte i den reella verkligheten. <\/p>\n<p>Kristersson: \u201dGn\u00e4ller\u201d<\/p>\n<p>\u00c4ven andra f\u00f6rsvarspolitiker fr\u00e5n oppositionen riktar kritik mot regeringen. V\u00e4nsterpartiets utrikespolitiske talesperson H\u00e5kan Svenneling tycker l\u00e4get \u00e4r s\u00e5 allvarligt att Sverige borde l\u00e4mna DCA-avtalet. Om USA:s hot mot Gr\u00f6nland s\u00e4ger han:<\/p>\n<p>\u2013 Regeringen har inte varit initiativrik i det h\u00e4r, de har inte kommit med n\u00e5got konkret f\u00f6rslag p\u00e5 vad Sverige borde g\u00f6ra. H\u00e4r beh\u00f6ver Sverige s\u00e5klart ta en tydlig ledartr\u00f6ja i det nordisk-baltiska samarbetet.<\/p>\n<p>Statsminister Ulf Kristersson (M) s\u00e4ger att regeringen m\u00e5nga g\u00e5nger i olika sammanhang f\u00f6rt fram att man st\u00e5r bakom Danmark och att man \u00e4r kritisk till amerikansk retorik kring Gr\u00f6nland. Han avf\u00e4rdar kritiken fr\u00e5n oppositionen:<\/p>\n<p> \u2013 De gn\u00e4ller \u00f6ver det mesta, jag \u00e4r van vid det. Det \u00e4r rent nonsens, jag har n\u00e4rmast daglig kontakt med Mette Fredriksen om de h\u00e4r sakerna, det \u00e4r helt felaktigt. Vi har hela tiden gjort de sakerna Danmark vill att vi ska g\u00f6ra, s\u00e4ger Ulf Kristersson.<\/p>\n<p>En v\u00e4ckarklocka<\/p>\n<p>Kristdemokraternas f\u00f6rsvarspolitiske talesperson Mikael Oscarsson anser att regeringen gjort vad man kunnat men att utvecklingen \u00e4r en v\u00e4ckarklocka. Han menar att Sverige nu beh\u00f6ver st\u00e4rka f\u00f6rsvaret mer och f\u00f6rdjupa samarbetet runt \u00d6stersj\u00f6n.<\/p>\n<p>\u2013 Sanningen \u00e4r ju att vi har g\u00f6mt oss bakom Amerikas kjolar alltf\u00f6r l\u00e4nge, och nu blir det uppenbart att vi m\u00e5ste klara oss mer eller mindre p\u00e5 egen hand.<\/p>\n","protected":false},"excerpt":{"rendered":"Tidigare f\u00f6rsvarsministern Peter Hultqvist s\u00e4ger att USA:s agerande kan ha \u201dv\u00e4ldigt l\u00e5ngsiktigt negativa effekter\u201d f\u00f6r styrkan i Nato&hellip;\n","protected":false},"author":2,"featured_media":132000,"comment_status":"","ping_status":"","sticky":false,"template":"","format":"standard","meta":{"footnotes":""},"categories":[14],"tags":[22,23,26,27,17,21,24,25,28,29,15,16,18,34,31,33,32,30,19,20,51,52,53,54],"class_list":{"0":"post-131999","1":"post","2":"type-post","3":"status-publish","4":"format-standard","5":"has-post-thumbnail","7":"category-varlden","8":"tag-breaking-news","9":"tag-breakingnews","10":"tag-featured-news","11":"tag-featurednews","12":"tag-headlines","13":"tag-huvudnyheter","14":"tag-latest-news","15":"tag-latestnews","16":"tag-main-news","17":"tag-mainnews","18":"tag-news","19":"tag-nyheter","20":"tag-rubriker","21":"tag-se","22":"tag-svenska","23":"tag-sverige","24":"tag-sweden","25":"tag-swedish","26":"tag-top-stories","27":"tag-topstories","28":"tag-varlden","29":"tag-world","30":"tag-world-news","31":"tag-worldnews"},"share_on_mastodon":{"url":"https:\/\/pubeurope.com\/@se\/115874743117107706","error":""},"_links":{"self":[{"href":"https:\/\/www.europesays.com\/se\/wp-json\/wp\/v2\/posts\/131999","targetHints":{"allow":["GET"]}}],"collection":[{"href":"https:\/\/www.europesays.com\/se\/wp-json\/wp\/v2\/posts"}],"about":[{"href":"https:\/\/www.europesays.com\/se\/wp-json\/wp\/v2\/types\/post"}],"author":[{"embeddable":true,"href":"https:\/\/www.europesays.com\/se\/wp-json\/wp\/v2\/users\/2"}],"replies":[{"embeddable":true,"href":"https:\/\/www.europesays.com\/se\/wp-json\/wp\/v2\/comments?post=131999"}],"version-history":[{"count":0,"href":"https:\/\/www.europesays.com\/se\/wp-json\/wp\/v2\/posts\/131999\/revisions"}],"wp:featuredmedia":[{"embeddable":true,"href":"https:\/\/www.europesays.com\/se\/wp-json\/wp\/v2\/media\/132000"}],"wp:attachment":[{"href":"https:\/\/www.europesays.com\/se\/wp-json\/wp\/v2\/media?parent=131999"}],"wp:term":[{"taxonomy":"category","embeddable":true,"href":"https:\/\/www.europesays.com\/se\/wp-json\/wp\/v2\/categories?post=131999"},{"taxonomy":"post_tag","embeddable":true,"href":"https:\/\/www.europesays.com\/se\/wp-json\/wp\/v2\/tags?post=131999"}],"curies":[{"name":"wp","href":"https:\/\/api.w.org\/{rel}","templated":true}]}}