{"id":132022,"date":"2026-01-11T05:29:16","date_gmt":"2026-01-11T05:29:16","guid":{"rendered":"https:\/\/www.europesays.com\/se\/132022\/"},"modified":"2026-01-11T05:29:16","modified_gmt":"2026-01-11T05:29:16","slug":"person-anhallen-for-valdtakt-pa-restaurang","status":"publish","type":"post","link":"https:\/\/www.europesays.com\/se\/132022\/","title":{"rendered":"Person anh\u00e5llen f\u00f6r v\u00e5ldt\u00e4kt p\u00e5 restaurang"},"content":{"rendered":"<p class=\"boxtextgrotesk-root_baa6 hyperion-css-7pajle\">Publicerad 2026-01-10 09.30<\/p>\n<p>share-arrowDela<\/p>\n<p>unsaveSpara<\/p>\n<p>expand-left<\/p>\n<p>helsk\u00e4rm<img decoding=\"async\" class=\"image-asset hyperion-css-u06ts1\" data-test-tag=\"image-asset\" src=\"https:\/\/www.europesays.com\/se\/wp-content\/uploads\/2026\/01\/33912392-3463-4e0b-8c4e-30d8c7eb2eaf.jpeg\"  alt=\"En person har gripits misst\u00e4nkt f\u00f6r v\u00e5ldt\u00e4kt. Arkivbild.\"  loading=\"eager\" fetchpriority=\"high\" style=\"aspect-ratio:1900 \/ 1265\"\/>En person har gripits misst\u00e4nkt f\u00f6r v\u00e5ldt\u00e4kt. Arkivbild. Foto: Claudio Bresciani\/TT<\/p>\n<p class=\"hyperion-css-1v9qo5x\">En person har anh\u00e5llits misst\u00e4nkt f\u00f6r v\u00e5ldt\u00e4kt inne p\u00e5 en restaurang i centrala V\u00e4ster\u00e5s.<\/p>\n<p class=\"hyperion-css-1v9qo5x\">Den misst\u00e4nkte greps i anslutning till h\u00e4ndelsen och anh\u00f6lls senare av \u00e5klagare, skriver polisen p\u00e5 sin sajt.<\/p>\n<p class=\"hyperion-css-1v9qo5x\">Enligt VLT vill polisen inte kommentera om det \u00e4r en man eller en kvinna som anh\u00e5llits.<\/p>\n","protected":false},"excerpt":{"rendered":"Publicerad 2026-01-10 09.30 share-arrowDela unsaveSpara expand-left helsk\u00e4rmEn person har gripits misst\u00e4nkt f\u00f6r v\u00e5ldt\u00e4kt. Arkivbild. Foto: Claudio Bresciani\/TT En&hellip;\n","protected":false},"author":2,"featured_media":132023,"comment_status":"","ping_status":"","sticky":false,"template":"","format":"standard","meta":{"footnotes":""},"categories":[12],"tags":[22,23,26,27,17,21,24,25,28,29,15,16,18,34,31,33,32,30,19,20],"class_list":{"0":"post-132022","1":"post","2":"type-post","3":"status-publish","4":"format-standard","5":"has-post-thumbnail","7":"category-sverige","8":"tag-breaking-news","9":"tag-breakingnews","10":"tag-featured-news","11":"tag-featurednews","12":"tag-headlines","13":"tag-huvudnyheter","14":"tag-latest-news","15":"tag-latestnews","16":"tag-main-news","17":"tag-mainnews","18":"tag-news","19":"tag-nyheter","20":"tag-rubriker","21":"tag-se","22":"tag-svenska","23":"tag-sverige","24":"tag-sweden","25":"tag-swedish","26":"tag-top-stories","27":"tag-topstories"},"share_on_mastodon":{"url":"https:\/\/pubeurope.com\/@se\/115874821668740963","error":""},"_links":{"self":[{"href":"https:\/\/www.europesays.com\/se\/wp-json\/wp\/v2\/posts\/132022","targetHints":{"allow":["GET"]}}],"collection":[{"href":"https:\/\/www.europesays.com\/se\/wp-json\/wp\/v2\/posts"}],"about":[{"href":"https:\/\/www.europesays.com\/se\/wp-json\/wp\/v2\/types\/post"}],"author":[{"embeddable":true,"href":"https:\/\/www.europesays.com\/se\/wp-json\/wp\/v2\/users\/2"}],"replies":[{"embeddable":true,"href":"https:\/\/www.europesays.com\/se\/wp-json\/wp\/v2\/comments?post=132022"}],"version-history":[{"count":0,"href":"https:\/\/www.europesays.com\/se\/wp-json\/wp\/v2\/posts\/132022\/revisions"}],"wp:featuredmedia":[{"embeddable":true,"href":"https:\/\/www.europesays.com\/se\/wp-json\/wp\/v2\/media\/132023"}],"wp:attachment":[{"href":"https:\/\/www.europesays.com\/se\/wp-json\/wp\/v2\/media?parent=132022"}],"wp:term":[{"taxonomy":"category","embeddable":true,"href":"https:\/\/www.europesays.com\/se\/wp-json\/wp\/v2\/categories?post=132022"},{"taxonomy":"post_tag","embeddable":true,"href":"https:\/\/www.europesays.com\/se\/wp-json\/wp\/v2\/tags?post=132022"}],"curies":[{"name":"wp","href":"https:\/\/api.w.org\/{rel}","templated":true}]}}