{"id":132024,"date":"2026-01-11T05:37:12","date_gmt":"2026-01-11T05:37:12","guid":{"rendered":"https:\/\/www.europesays.com\/se\/132024\/"},"modified":"2026-01-11T05:37:12","modified_gmt":"2026-01-11T05:37:12","slug":"alg-pa-fel-sida-viltstangslet-pa-e4","status":"publish","type":"post","link":"https:\/\/www.europesays.com\/se\/132024\/","title":{"rendered":"\u00c4lg p\u00e5 fel sida viltst\u00e4ngslet p\u00e5 E4"},"content":{"rendered":"<p>Enligt informationen befinner sig djuret p\u00e5 fel sida av viltst\u00e4ngslet.Enligt Trafikverket har h\u00e4ndelsen liten p\u00e5verkan p\u00e5 trafiken. Varningen gick ut strax efter elva p\u00e5 f\u00f6rmiddagen p\u00e5 l\u00f6rdagen och enligt Trafikverket bed\u00f6ms trafiken p\u00e5verkas fram till strax innan klockan tolv p\u00e5 dagen.Uppdatering klockan 11:55: Trafiksituationen ej l\u00e4ngre p\u00e5verkad.<\/p>\n","protected":false},"excerpt":{"rendered":"Enligt informationen befinner sig djuret p\u00e5 fel sida av viltst\u00e4ngslet.Enligt Trafikverket har h\u00e4ndelsen liten p\u00e5verkan p\u00e5 trafiken. Varningen&hellip;\n","protected":false},"author":2,"featured_media":124029,"comment_status":"","ping_status":"","sticky":false,"template":"","format":"standard","meta":{"footnotes":""},"categories":[12],"tags":[22,23,26,27,17,21,24,25,28,29,15,16,18,34,31,33,32,30,19,20],"class_list":{"0":"post-132024","1":"post","2":"type-post","3":"status-publish","4":"format-standard","5":"has-post-thumbnail","7":"category-sverige","8":"tag-breaking-news","9":"tag-breakingnews","10":"tag-featured-news","11":"tag-featurednews","12":"tag-headlines","13":"tag-huvudnyheter","14":"tag-latest-news","15":"tag-latestnews","16":"tag-main-news","17":"tag-mainnews","18":"tag-news","19":"tag-nyheter","20":"tag-rubriker","21":"tag-se","22":"tag-svenska","23":"tag-sverige","24":"tag-sweden","25":"tag-swedish","26":"tag-top-stories","27":"tag-topstories"},"share_on_mastodon":{"url":"https:\/\/pubeurope.com\/@se\/115874853171110557","error":""},"_links":{"self":[{"href":"https:\/\/www.europesays.com\/se\/wp-json\/wp\/v2\/posts\/132024","targetHints":{"allow":["GET"]}}],"collection":[{"href":"https:\/\/www.europesays.com\/se\/wp-json\/wp\/v2\/posts"}],"about":[{"href":"https:\/\/www.europesays.com\/se\/wp-json\/wp\/v2\/types\/post"}],"author":[{"embeddable":true,"href":"https:\/\/www.europesays.com\/se\/wp-json\/wp\/v2\/users\/2"}],"replies":[{"embeddable":true,"href":"https:\/\/www.europesays.com\/se\/wp-json\/wp\/v2\/comments?post=132024"}],"version-history":[{"count":0,"href":"https:\/\/www.europesays.com\/se\/wp-json\/wp\/v2\/posts\/132024\/revisions"}],"wp:featuredmedia":[{"embeddable":true,"href":"https:\/\/www.europesays.com\/se\/wp-json\/wp\/v2\/media\/124029"}],"wp:attachment":[{"href":"https:\/\/www.europesays.com\/se\/wp-json\/wp\/v2\/media?parent=132024"}],"wp:term":[{"taxonomy":"category","embeddable":true,"href":"https:\/\/www.europesays.com\/se\/wp-json\/wp\/v2\/categories?post=132024"},{"taxonomy":"post_tag","embeddable":true,"href":"https:\/\/www.europesays.com\/se\/wp-json\/wp\/v2\/tags?post=132024"}],"curies":[{"name":"wp","href":"https:\/\/api.w.org\/{rel}","templated":true}]}}