{"id":132025,"date":"2026-01-11T05:45:39","date_gmt":"2026-01-11T05:45:39","guid":{"rendered":"https:\/\/www.europesays.com\/se\/132025\/"},"modified":"2026-01-11T05:45:39","modified_gmt":"2026-01-11T05:45:39","slug":"sparat-for-skidor-i-nacka-och-varmdo","status":"publish","type":"post","link":"https:\/\/www.europesays.com\/se\/132025\/","title":{"rendered":"Sp\u00e5rat f\u00f6r skidor i Nacka och V\u00e4rmd\u00f6"},"content":{"rendered":"<p class=\"ort\">Nacka\/V\u00e4rmd\u00f6<\/p>\n<p class=\"text\">Magnus Edlund, 62, fr\u00e5n Saltsj\u00f6kvarn stakar i v\u00e4g p\u00e5 milsp\u00e5ret p\u00e5 Nacka golfklubb. Sp\u00e5ret p\u00e5 kommungr\u00e4nsen str\u00e4cker sig tio kilometer in i b\u00e5de Nacka och V\u00e4rmd\u00f6.<\/p>\n<p class=\"text\">Han \u00e4r peppad och l\u00e4ngdskidorna preppade.<\/p>\n<p class=\"text\">\u2013 Jag k\u00f6r skins och lite glidvalla. Det funkar bra \u2013 om du inte tappar skinsen. Det gjorde jag p\u00e5 Vasaloppet i fjol. Jag tyckte det blev bakhalt men m\u00e4rkte det f\u00f6rst n\u00e4r jag kom fram.<\/p>\n<p class=\"text\">Nu tr\u00e4nar han inf\u00f6r Vasaloppet 30 kilometer och \u00e4r helst i sp\u00e5ret p\u00e5 vardagsf\u00f6rmiddagar.<\/p>\n<p class=\"text\">\u2013 D\u00e5 \u00e4r det inte s\u00e5 mycket folk. N\u00e4r det \u00e4r sn\u00f6 \u00e5ker jag g\u00e4rna h\u00e4r tre g\u00e5nger i veckan, kanske till och med fyra.<\/p>\n<p class=\"text\">\u00c4r det n\u00e5gon tid du undviker att \u00e5ka hit?<\/p>\n<p class=\"text\">\u2013 P\u00e5 helger fr\u00e5n klockan elva och fram\u00e5t brukar det vara r\u00e4tt mycket folk. Du f\u00e5r \u00e5ka runt och h\u00e5lla undan, men det funkar. Jag \u00e4r inte n\u00e5gon elit\u00e5kare utan motion\u00e4r.<\/p>\n<p><img decoding=\"async\" class=\"Image Image_\" src=\"\" data-aghref=\"http:\/\/www.mitti.se\/image-3.354362.271701.20260110124746.37da9175bc\" data-agimagetype=\"hardcrop\" alt=\"B\u00e5de Margareta Klingsmo och Magnus Edlund uppskattar att det finns ett sp\u00e5r som \u00e4r tio kilometer l\u00e5ngt p\u00e5 Nacka golfklubb.\"\/><\/p>\n<p class=\"Caption\">B\u00e5de Margareta Klingsmo och Magnus Edlund uppskattar att det finns ett sp\u00e5r som \u00e4r tio kilometer l\u00e5ngt p\u00e5 Nacka golfklubb.<\/p>\n<p class=\"Source\">Judit Nilsson<\/p>\n<p>T\u00e4vlade i skidskytte<\/p>\n<p class=\"text\">\u00c5sa Knutsen, 49, fr\u00e5n Gustavsberg, spricker upp i ett leende. Hon har t\u00e4vlat p\u00e5 skidor \u2013 b\u00e5de med och utan salongsgev\u00e4r p\u00e5 ryggen. <\/p>\n<p class=\"text\">Nu \u00e4r det omkring 25 \u00e5r sedan hon gjorde sig av med b\u00f6ssan och t\u00e4vlingsskidorna. Men hon \u00e5terv\u00e4nder till sp\u00e5ren vid Nacka golfklubb.<\/p>\n<p class=\"text\">\u2013 S\u00e5 fort det g\u00e5r att \u00e5ka h\u00e4r. I min ungdom t\u00e4vlade jag i b\u00e5de l\u00e4ngd och skidskytte \u2013 jag \u00e4lskar att \u00e5ka skidor. Jag \u00e4r h\u00e4r i princip varje dag.<\/p>\n<p class=\"citat\">Rena dr\u00f6mmen j\u00e4mf\u00f6rt med vita blixten<\/p>\n<p class=\"text\">Hon uppskattar att anl\u00e4ggningen har ett sp\u00e5r p\u00e5 tio kilometer och \u00e5ker mellan en och tv\u00e5 mil varje g\u00e5ng.<\/p>\n<p class=\"text\">\u2013 Jag tycker att det \u00e4r fantastiskt att det finns ett milsp\u00e5r h\u00e4r i Stockholm.<\/p>\n<p class=\"text\">Margareta Klingsmo, 78, diagonalar uppf\u00f6r en backe.<\/p>\n<p class=\"text\">Fr\u00e5n bostaden i Bj\u00f6rkn\u00e4s tar hon g\u00e4rna bilen till Nacka golfklubb.<\/p>\n<p class=\"text\">\u2013 Det \u00e4r mycket l\u00e4ttare att ta sig hit. Jag \u00e5ker f\u00f6r det mesta h\u00e4r eller i Vemlamsund, s\u00e4ger hon.<\/p>\n<p class=\"text\">Vad \u00e4r b\u00e4st h\u00e4r?<\/p>\n<p class=\"text\">\u2013 Att det finns ett milsp\u00e5r och en tre-och-en-halva ocks\u00e5. Jag k\u00f6r b\u00e5da. Men det g\u00e5r inte s\u00e5 fort \u2013 jag \u00e4r ute och njuter. Milsp\u00e5ret tog en timme f\u00f6rut, nu kanske en och en halv.<\/p>\n<p><img decoding=\"async\" class=\"Image Image_\" src=\"\" data-aghref=\"http:\/\/www.mitti.se\/image-3.354364.271701.20260110124746.aa5e0ecf5f\" data-agimagetype=\"hardcrop\" alt=\"\u201dFantastiskt att det finns ett milsp\u00e5r h\u00e4r i Stockholm\u201d\u201a s\u00e4ger \u00c5sa Knutsen.\"\/><\/p>\n<p class=\"Caption\">\u201dFantastiskt att det finns ett milsp\u00e5r h\u00e4r i Stockholm\u201d\u201a s\u00e4ger \u00c5sa Knutsen.<\/p>\n<p class=\"Source\">Judit Nilsson<\/p>\n<p>\u201dEn hemsk upplevelse\u201d<\/p>\n<p class=\"text\">Arne Andersson, 71, fr\u00e5n Jarlaberg gjorde lumpen som fj\u00e4llj\u00e4gare i Kiruna och \u00e5kte d\u00e5 p\u00e5 f\u00f6rsvarets vitm\u00e5lade skidor: vita blixten. Nu \u00e5ker han p\u00e5 modernare skidor.<\/p>\n<p class=\"text\">\u2013 De h\u00e4r skidorna \u00e4r ju rena dr\u00f6mmen j\u00e4mf\u00f6rt med vita blixten. Det var ju gamla tr\u00e4skidor. Vi h\u00f6ll p\u00e5 att tj\u00e4ra in skidorna f\u00f6r glidet och att h\u00e5lla tr\u00e4et i st\u00e5nd. Det var v\u00e4ldigt sv\u00e5rt att f\u00e5 f\u00e4ste och ofta hade vi v\u00e4ldigt mycket packning.<\/p>\n<p class=\"text\">\u2013 Jag k\u00f6r ofta i Saltis, d\u00e4r har de sp\u00e5r l\u00e4ngre eftersom de har konstsn\u00f6. Men de h\u00e4r sp\u00e5ren \u00e4r ju l\u00e4ngre \u2013 det \u00e4r en f\u00f6rdel. <\/p>\n<p class=\"text\">Han \u00e5kte Vasaloppet ett par g\u00e5nger i mitten p\u00e5 1990-talet. Men har ingen l\u00e4ngtan tillbaka. En halvmeter bl\u00f6tsn\u00f6 och brist p\u00e5 klister h\u00f6ll p\u00e5 att kn\u00e4cka honom.<\/p>\n<p><img decoding=\"async\" class=\"Image Image_\" src=\"\" data-aghref=\"http:\/\/www.mitti.se\/image-3.354363.271701.20260110124746.1ee5127bf9\" data-agimagetype=\"hardcrop\" alt=\"\u201dDe h\u00e4r skidorna \u00e4r ju rena dr\u00f6mmen j\u00e4mf\u00f6rt med vita blixten\u201d, s\u00e4ger Arne Andersson.\"\/><\/p>\n<p class=\"Caption\">\u201dDe h\u00e4r skidorna \u00e4r ju rena dr\u00f6mmen j\u00e4mf\u00f6rt med vita blixten\u201d, s\u00e4ger Arne Andersson.<\/p>\n<p class=\"Source\">Judit Nilsson<\/p>\n<p class=\"text\">\u2013 Det var en hemsk upplevelse. Det var v\u00e4ldigt sv\u00e5rvallat och fullt vid varenda station. Jag hade bakhalt som bara den. Jag f\u00f6rs\u00f6kte f\u00e5 tag p\u00e5 klister men det var s\u00e5 l\u00e5nga k\u00f6er. Jag h\u00f6ll p\u00e5 att missa att komma i m\u00e5l innan de drog repet.<\/p>\n<p class=\"text\">Han uppskattar sp\u00e5ren p\u00e5 Nacka golfklubb mer.<\/p>\n<p class=\"text\">\u2013 Det h\u00e4r \u00e4r mycket mer skid\u00e5kning. Jag gillar naturen h\u00e4r, det \u00e4r inte bara en platt golfbana utan lite variation.<\/p>\n<p class=\"faktarubrik\">Skidsp\u00e5r i Nacka och V\u00e4rmd\u00f6<\/p>\n<p class=\"fakta\">Ekedalssp\u00e5ret: 2,8 kilometer. (Ansluter till sp\u00e5ren vid Nacka golfklubb.)<\/p>\n<p class=\"fakta\">F\u00e5gelbro golfbana, sp\u00e5ras n\u00e4r sn\u00f6n r\u00e4cker.<\/p>\n<p class=\"fakta\">Hellasg\u00e5rden, flera skidsp\u00e5r och skiduthyrning.<\/p>\n<p class=\"fakta\">Ingar\u00f6 golfbana: 2,5 och 5 kilometer.<\/p>\n<p class=\"fakta\">J\u00e4rlag\u00e5rden, H\u00e4sthagen, 8 kilometer (med sp\u00e5r till Hellasg\u00e5rden).<\/p>\n<p class=\"fakta\">Nacka golfklubb, 3,5 kilometer (r\u00f6d) och 10 kilometer (gul).<\/p>\n<p class=\"fakta\">Nyckelviken, 2,4 kilometer preparerat sp\u00e5r n\u00e4r natursn\u00f6n r\u00e4cker.<\/p>\n<p class=\"fakta\">Nackareservatet. Ut\u00f6ver Hellasg\u00e5rden finns elljussp\u00e5r ocks\u00e5 i K\u00e4rrtorp och Bj\u00f6rkhagen.<\/p>\n<p class=\"fakta\">Saltsj\u00f6badens Golfklubb, 9,2 kilometer.<\/p>\n<p class=\"fakta\">Velamsund, 2,5 kilometer.<\/p>\n<p class=\"fakta\">V\u00e4rmd\u00f6 golfbana, 5 kilometer.<\/p>\n<p class=\"fakta\">\u00d6sby\u00e4ngarna, 1,7 kilometer.<\/p>\n<p class=\"fakta\">F\u00f6r aktuell status se skidsp\u00e5r.se<\/p>\n<p class=\"faktakalla\">K\u00e4lla: Nacka och V\u00e4rmd\u00f6 kommuner.<\/p>\n","protected":false},"excerpt":{"rendered":"Nacka\/V\u00e4rmd\u00f6 Magnus Edlund, 62, fr\u00e5n Saltsj\u00f6kvarn stakar i v\u00e4g p\u00e5 milsp\u00e5ret p\u00e5 Nacka golfklubb. Sp\u00e5ret p\u00e5 kommungr\u00e4nsen str\u00e4cker&hellip;\n","protected":false},"author":2,"featured_media":132026,"comment_status":"","ping_status":"","sticky":false,"template":"","format":"standard","meta":{"footnotes":""},"categories":[12],"tags":[22,23,26,27,17,21,24,25,28,29,15,16,18,34,31,33,32,30,19,20],"class_list":{"0":"post-132025","1":"post","2":"type-post","3":"status-publish","4":"format-standard","5":"has-post-thumbnail","7":"category-sverige","8":"tag-breaking-news","9":"tag-breakingnews","10":"tag-featured-news","11":"tag-featurednews","12":"tag-headlines","13":"tag-huvudnyheter","14":"tag-latest-news","15":"tag-latestnews","16":"tag-main-news","17":"tag-mainnews","18":"tag-news","19":"tag-nyheter","20":"tag-rubriker","21":"tag-se","22":"tag-svenska","23":"tag-sverige","24":"tag-sweden","25":"tag-swedish","26":"tag-top-stories","27":"tag-topstories"},"share_on_mastodon":{"url":"https:\/\/pubeurope.com\/@se\/115874884664606411","error":""},"_links":{"self":[{"href":"https:\/\/www.europesays.com\/se\/wp-json\/wp\/v2\/posts\/132025","targetHints":{"allow":["GET"]}}],"collection":[{"href":"https:\/\/www.europesays.com\/se\/wp-json\/wp\/v2\/posts"}],"about":[{"href":"https:\/\/www.europesays.com\/se\/wp-json\/wp\/v2\/types\/post"}],"author":[{"embeddable":true,"href":"https:\/\/www.europesays.com\/se\/wp-json\/wp\/v2\/users\/2"}],"replies":[{"embeddable":true,"href":"https:\/\/www.europesays.com\/se\/wp-json\/wp\/v2\/comments?post=132025"}],"version-history":[{"count":0,"href":"https:\/\/www.europesays.com\/se\/wp-json\/wp\/v2\/posts\/132025\/revisions"}],"wp:featuredmedia":[{"embeddable":true,"href":"https:\/\/www.europesays.com\/se\/wp-json\/wp\/v2\/media\/132026"}],"wp:attachment":[{"href":"https:\/\/www.europesays.com\/se\/wp-json\/wp\/v2\/media?parent=132025"}],"wp:term":[{"taxonomy":"category","embeddable":true,"href":"https:\/\/www.europesays.com\/se\/wp-json\/wp\/v2\/categories?post=132025"},{"taxonomy":"post_tag","embeddable":true,"href":"https:\/\/www.europesays.com\/se\/wp-json\/wp\/v2\/tags?post=132025"}],"curies":[{"name":"wp","href":"https:\/\/api.w.org\/{rel}","templated":true}]}}