{"id":132027,"date":"2026-01-11T05:53:19","date_gmt":"2026-01-11T05:53:19","guid":{"rendered":"https:\/\/www.europesays.com\/se\/132027\/"},"modified":"2026-01-11T05:53:19","modified_gmt":"2026-01-11T05:53:19","slug":"usa-vander-om-kina-ny-mardrom-for-europa","status":"publish","type":"post","link":"https:\/\/www.europesays.com\/se\/132027\/","title":{"rendered":"USA v\u00e4nder om Kina \u2013 ny mardr\u00f6m f\u00f6r Europa?"},"content":{"rendered":"<p class=\"preamble\">Relationen mellan v\u00e4rldens tv\u00e5 supermakter USA och Kina tycks \u00e4ndra form. Under Donald Trumps f\u00f6rsta mandatperiod var den amerikanska retoriken h\u00e5rd: Kina hade vuxit sig starkt p\u00e5 USA:s bekostnad. M\u00e5nga trodde nog att det var framf\u00f6rallt Kina som d\u00e4rf\u00f6r skulle hamna i skottgluggen n\u00e4r Trump f\u00f6r ett knappt \u00e5r sedan lanserande en ny handelspolitik. Men i sj\u00e4lva verket blev hela v\u00e4rlden f\u00f6rem\u00e5l f\u00f6r h\u00f6ga tullar och Trumps Kinapolitik har sedan dess valsat fram och tillbaka. S\u00e5, vad har Trump 2.0 egentligen betytt f\u00f6r Kina? <\/p>\n","protected":false},"excerpt":{"rendered":"Relationen mellan v\u00e4rldens tv\u00e5 supermakter USA och Kina tycks \u00e4ndra form. Under Donald Trumps f\u00f6rsta mandatperiod var den&hellip;\n","protected":false},"author":2,"featured_media":132028,"comment_status":"","ping_status":"","sticky":false,"template":"","format":"standard","meta":{"footnotes":""},"categories":[14],"tags":[22,23,26,27,17,21,24,25,28,29,15,16,18,34,31,33,32,30,19,20,51,52,53,54],"class_list":{"0":"post-132027","1":"post","2":"type-post","3":"status-publish","4":"format-standard","5":"has-post-thumbnail","7":"category-varlden","8":"tag-breaking-news","9":"tag-breakingnews","10":"tag-featured-news","11":"tag-featurednews","12":"tag-headlines","13":"tag-huvudnyheter","14":"tag-latest-news","15":"tag-latestnews","16":"tag-main-news","17":"tag-mainnews","18":"tag-news","19":"tag-nyheter","20":"tag-rubriker","21":"tag-se","22":"tag-svenska","23":"tag-sverige","24":"tag-sweden","25":"tag-swedish","26":"tag-top-stories","27":"tag-topstories","28":"tag-varlden","29":"tag-world","30":"tag-world-news","31":"tag-worldnews"},"share_on_mastodon":{"url":"https:\/\/pubeurope.com\/@se\/115874916118664548","error":""},"_links":{"self":[{"href":"https:\/\/www.europesays.com\/se\/wp-json\/wp\/v2\/posts\/132027","targetHints":{"allow":["GET"]}}],"collection":[{"href":"https:\/\/www.europesays.com\/se\/wp-json\/wp\/v2\/posts"}],"about":[{"href":"https:\/\/www.europesays.com\/se\/wp-json\/wp\/v2\/types\/post"}],"author":[{"embeddable":true,"href":"https:\/\/www.europesays.com\/se\/wp-json\/wp\/v2\/users\/2"}],"replies":[{"embeddable":true,"href":"https:\/\/www.europesays.com\/se\/wp-json\/wp\/v2\/comments?post=132027"}],"version-history":[{"count":0,"href":"https:\/\/www.europesays.com\/se\/wp-json\/wp\/v2\/posts\/132027\/revisions"}],"wp:featuredmedia":[{"embeddable":true,"href":"https:\/\/www.europesays.com\/se\/wp-json\/wp\/v2\/media\/132028"}],"wp:attachment":[{"href":"https:\/\/www.europesays.com\/se\/wp-json\/wp\/v2\/media?parent=132027"}],"wp:term":[{"taxonomy":"category","embeddable":true,"href":"https:\/\/www.europesays.com\/se\/wp-json\/wp\/v2\/categories?post=132027"},{"taxonomy":"post_tag","embeddable":true,"href":"https:\/\/www.europesays.com\/se\/wp-json\/wp\/v2\/tags?post=132027"}],"curies":[{"name":"wp","href":"https:\/\/api.w.org\/{rel}","templated":true}]}}