{"id":132037,"date":"2026-01-11T06:10:51","date_gmt":"2026-01-11T06:10:51","guid":{"rendered":"https:\/\/www.europesays.com\/se\/132037\/"},"modified":"2026-01-11T06:10:51","modified_gmt":"2026-01-11T06:10:51","slug":"strommer-i-boden-efter-mordet","status":"publish","type":"post","link":"https:\/\/www.europesays.com\/se\/132037\/","title":{"rendered":"Str\u00f6mmer i Boden efter mordet"},"content":{"rendered":"<p class=\"boxtextgrotesk-root_baa6 hyperion-css-7pajle\">Publicerad 2026-01-09 17.12<\/p>\n<p>share-arrowDela<\/p>\n<p>unsaveSpara<\/p>\n<p>expand-left<\/p>\n<p>helsk\u00e4rm<img decoding=\"async\" class=\"image-asset hyperion-css-u06ts1\" data-test-tag=\"image-asset\" src=\"https:\/\/www.europesays.com\/se\/wp-content\/uploads\/2026\/01\/59e3e954-e11d-4a7f-8e70-18a96ccd5007.jpeg\"  alt=\"Ljus placerade utanf\u00f6r det hus i Boden d\u00e4r en 55-\u00e5rig kvinna blev m\u00f6rdad och hennes tv\u00e5 ton\u00e5rsd\u00f6ttrar blev skadade p\u00e5 juldagen.\"  loading=\"eager\" fetchpriority=\"high\" style=\"aspect-ratio:1900 \/ 1425\"\/>Ljus placerade utanf\u00f6r det hus i Boden d\u00e4r en 55-\u00e5rig kvinna blev m\u00f6rdad och hennes tv\u00e5 ton\u00e5rsd\u00f6ttrar blev skadade p\u00e5 juldagen. Foto: Mats Engfors\/TT<\/p>\n<p class=\"hyperion-css-1shl3oz\" data-test-tag=\"lead-text\">Justitieminister Gunnar Str\u00f6mmer (M) bes\u00f6kte under fredagen Boden med anledning av det uppm\u00e4rksammade mordet under julhelgen.<\/p>\n<p class=\"hyperion-css-1v9qo5x\">Str\u00f6mmer t\u00e4nde ett ljus vid minnesplatsen p\u00e5 Medborgarplatsen i staden och tr\u00e4ffade representanter f\u00f6r kommunen, polisen, kyrkan och kvinnojouren, rapporterar NSD.<\/p>\n<p class=\"hyperion-css-1v9qo5x\">Den misst\u00e4nkte g\u00e4rningsmannen ska ha haft \u00e5terkommande kontakt med psykiatrin. Bara dagar f\u00f6re mordet var mannen tv\u00e5ngsinlagd inom psykiatrin men sl\u00e4pptes efter en dag, enligt uppgifter fr\u00e5n mannens mor till NSD.<\/p>\n<p class=\"hyperion-css-1v9qo5x\">\u2013 Jag ser hur initierade personer pekar p\u00e5 att det finns ber\u00e4ttigade fr\u00e5gor om psykiatrin har tillr\u00e4ckligt stort lagstiftningsutrymme att tv\u00e5ngsv\u00e5rda farliga personer. I min del av systemet, inom r\u00e4ttsv\u00e4sendet, \u00e4r det redan en diskussion som f\u00f6rs i v\u00e4ldig h\u00f6g grad, s\u00e4ger Gunnar Str\u00f6mmer till tidningen.<\/p>\n<p class=\"hyperion-css-1v9qo5x\">Det var p\u00e5 juldagsmorgonen som en man i 20-\u00e5rs\u00e5ldern ringde p\u00e5 d\u00f6rren till en villa och sl\u00e4pptes in. D\u00e4r attackerades en 55-\u00e5rig kvinna och hennes tv\u00e5 ton\u00e5rsd\u00f6ttrar, kvinnan avled av sina skador. Mannen sk\u00f6ts ihj\u00e4l i samband med polisens ingripande n\u00e5gra timmar senare.<\/p>\n","protected":false},"excerpt":{"rendered":"Publicerad 2026-01-09 17.12 share-arrowDela unsaveSpara expand-left helsk\u00e4rmLjus placerade utanf\u00f6r det hus i Boden d\u00e4r en 55-\u00e5rig kvinna blev&hellip;\n","protected":false},"author":2,"featured_media":132038,"comment_status":"","ping_status":"","sticky":false,"template":"","format":"standard","meta":{"footnotes":""},"categories":[12],"tags":[22,23,26,27,17,21,24,25,28,29,15,16,18,34,31,33,32,30,19,20],"class_list":{"0":"post-132037","1":"post","2":"type-post","3":"status-publish","4":"format-standard","5":"has-post-thumbnail","7":"category-sverige","8":"tag-breaking-news","9":"tag-breakingnews","10":"tag-featured-news","11":"tag-featurednews","12":"tag-headlines","13":"tag-huvudnyheter","14":"tag-latest-news","15":"tag-latestnews","16":"tag-main-news","17":"tag-mainnews","18":"tag-news","19":"tag-nyheter","20":"tag-rubriker","21":"tag-se","22":"tag-svenska","23":"tag-sverige","24":"tag-sweden","25":"tag-swedish","26":"tag-top-stories","27":"tag-topstories"},"share_on_mastodon":{"url":"https:\/\/pubeurope.com\/@se\/115874986832490563","error":""},"_links":{"self":[{"href":"https:\/\/www.europesays.com\/se\/wp-json\/wp\/v2\/posts\/132037","targetHints":{"allow":["GET"]}}],"collection":[{"href":"https:\/\/www.europesays.com\/se\/wp-json\/wp\/v2\/posts"}],"about":[{"href":"https:\/\/www.europesays.com\/se\/wp-json\/wp\/v2\/types\/post"}],"author":[{"embeddable":true,"href":"https:\/\/www.europesays.com\/se\/wp-json\/wp\/v2\/users\/2"}],"replies":[{"embeddable":true,"href":"https:\/\/www.europesays.com\/se\/wp-json\/wp\/v2\/comments?post=132037"}],"version-history":[{"count":0,"href":"https:\/\/www.europesays.com\/se\/wp-json\/wp\/v2\/posts\/132037\/revisions"}],"wp:featuredmedia":[{"embeddable":true,"href":"https:\/\/www.europesays.com\/se\/wp-json\/wp\/v2\/media\/132038"}],"wp:attachment":[{"href":"https:\/\/www.europesays.com\/se\/wp-json\/wp\/v2\/media?parent=132037"}],"wp:term":[{"taxonomy":"category","embeddable":true,"href":"https:\/\/www.europesays.com\/se\/wp-json\/wp\/v2\/categories?post=132037"},{"taxonomy":"post_tag","embeddable":true,"href":"https:\/\/www.europesays.com\/se\/wp-json\/wp\/v2\/tags?post=132037"}],"curies":[{"name":"wp","href":"https:\/\/api.w.org\/{rel}","templated":true}]}}