{"id":132039,"date":"2026-01-11T06:14:06","date_gmt":"2026-01-11T06:14:06","guid":{"rendered":"https:\/\/www.europesays.com\/se\/132039\/"},"modified":"2026-01-11T06:14:06","modified_gmt":"2026-01-11T06:14:06","slug":"rikke-fick-upplevasin-egen-begravning","status":"publish","type":"post","link":"https:\/\/www.europesays.com\/se\/132039\/","title":{"rendered":"Rikke fick uppleva\nsin egen begravning"},"content":{"rendered":"<p>Publicerad 11 jan 2026 kl 07.00<\/p>\n<p>Rikke Whelan de Lange stod i centrum f\u00f6r norska tv-tittare i helgen \u2013 tre m\u00e5nader efter sin d\u00f6d.<\/p>\n<p>32-\u00e5ringen hann uppleva sin egen \u201dbegravning\u201d innan hon dog.<\/p>\n<p>\u2013 Det var den mest fantastiska festen jag n\u00e5gonsin varit p\u00e5, s\u00e4ger programledaren Lars Berrum till <a href=\"https:\/\/www.dagbladet.no\/kjendis\/shit-jeg-skal-do\/84062148\" rel=\"nofollow noopener\" target=\"_blank\">Dagbladet<\/a>.<\/p>\n<p>Senaste nyhetsklippen fr\u00e5n Expressen.<img   alt=\"\"\/><\/p>\n<p>Rikke Whelan de Lange.<\/p>\n<p>Foto: Instagram<\/p>\n<p>\u00d6ppna bild i helsk\u00e4rm<\/p>\n<p>I norska tv-programmet \u201dTabu\u201d tr\u00e4ffar programledaren Lars Berrum m\u00e4nniskor i olika livssituationer. I l\u00f6rdagens avsnitt stod cancersjuka Rikke Whelan de Lange, 32, i centrum.<\/p>\n<p>I avsnittet blev det tydligt att Rikke mycket snart skulle d\u00f6. N\u00e4r hon diagnosticerades med br\u00f6stcancer var hon \u00f6vertygad om att hon skulle \u00e5terh\u00e4mta sig.<\/p>\n<p>\u2013 Jag var faktiskt inte s\u00e4rskilt orolig, jag skulle bli frisk. Det slog mig inte ens att det kunde sprida sig, sade Rikke i programmet.<\/p>\n<p>Men i juni 2020 fick hon beskedet att cancern hade spridit sig.\u00a0<\/p>\n<p>\u2013 Jag tittade i spegeln, jag hade en gul blommig kl\u00e4nning p\u00e5 mig, och jag t\u00e4nkte: \u201dDet h\u00e4r \u00e4r sista dagen jag kommer att se ut som jag\u201d, sade Rikke i programmet.<\/p>\n<p>Dagen hon fick beskedet t\u00e4nkte Rikke: \u201dShit, jag ska d\u00f6\u201d.<\/p>\n<p>\u201dMest fantastiska festen\u201d<\/p>\n<p>I avsnittet pratade Rikke om att hon ville h\u00e5lla en \u201dbegravning\u201d innan hon dog. Hon sade att hon ville uppleva sin egen begravning, och efter inspelningen av avsnittet s\u00e5 h\u00f6lls den.<\/p>\n<p>\u2013 Det var den mest fantastiska festen jag n\u00e5gonsin varit p\u00e5. Hon hade v\u00e4ldigt tydliga regler: Om n\u00e5gon gr\u00e4t fick de ta en shot i baren. Alla fick kl\u00e4 upp sig i f\u00e4rger och glitter. Det var den mest f\u00e4rgglada, gladaste, mest sm\u00e4rtsamma och vackraste festen jag n\u00e5gonsin upplevt, s\u00e4ger Lars Berrum.<\/p>\n<p>I augusti f\u00f6rra \u00e5ret gifte sig Rikke med Halaigh Whelan McManus.\u00a0<\/p>\n<p>\u201dVi hade en perfekt dag\u201d, skrev Rikke p\u00e5 <a href=\"https:\/\/www.instagram.com\/p\/DNbIq3KqmBD\/?utm_source=ig_embed\" rel=\"nofollow noopener\" target=\"_blank\">Instagram<\/a>.<\/p>\n<p><img loading=\"lazy\"   alt=\"\"\/><\/p>\n<p>Rikke och maken delade bilder fr\u00e5n br\u00f6llopet p\u00e5 Instagram.<\/p>\n<p>Foto: Instagram<\/p>\n<p>\u00d6ppna bild i helsk\u00e4rm\u201dExtrem livsgnista\u201d<\/p>\n<p>Rikke dog i oktober f\u00f6rra \u00e5ret. Hon ville inte att n\u00e5gon skulle b\u00e4ra svart p\u00e5 vad familjen beskrev som en \u201dljus och vacker avskedsceremoni\u201d.<\/p>\n<p>\u2013 Jag var lite extra fundersam \u00f6ver hur tufft det m\u00f6tet skulle bli. Och det var v\u00e4ldigt starkt eftersom det \u00e4r s\u00e5 p\u00e5 gr\u00e4nsen till livet. Men man sitter kvar med en extrem v\u00e4rme och en sj\u00e4lvreflektion \u00f6ver att inte ta saker f\u00f6r givna i livet, s\u00e4ger Lars Berrum.<\/p>\n<p>Han lyfte fram Rikkes \u201dextrema livsgnista\u201d.<\/p>\n<p>\u2013 Hon ville leva sina sista dagar fullt ut med det hon \u00e4lskade i livet \u2013 att vara med v\u00e4nner, ta en drink, ha fina stunder, s\u00e4ger Lars Berrum.<\/p>\n<p><script async src=\"\/\/www.instagram.com\/embed.js\"><\/script><\/p>\n","protected":false},"excerpt":{"rendered":"Publicerad 11 jan 2026 kl 07.00 Rikke Whelan de Lange stod i centrum f\u00f6r norska tv-tittare i helgen&hellip;\n","protected":false},"author":2,"featured_media":132040,"comment_status":"","ping_status":"","sticky":false,"template":"","format":"standard","meta":{"footnotes":""},"categories":[67],"tags":[104,254,34,55,31,33,32,30,105],"class_list":{"0":"post-132039","1":"post","2":"type-post","3":"status-publish","4":"format-standard","5":"has-post-thumbnail","7":"category-underhallning","8":"tag-entertainment","9":"tag-location-norge","10":"tag-se","11":"tag-sections-varlden","12":"tag-svenska","13":"tag-sverige","14":"tag-sweden","15":"tag-swedish","16":"tag-underhallning"},"share_on_mastodon":{"url":"https:\/\/pubeurope.com\/@se\/115874998733087043","error":""},"_links":{"self":[{"href":"https:\/\/www.europesays.com\/se\/wp-json\/wp\/v2\/posts\/132039","targetHints":{"allow":["GET"]}}],"collection":[{"href":"https:\/\/www.europesays.com\/se\/wp-json\/wp\/v2\/posts"}],"about":[{"href":"https:\/\/www.europesays.com\/se\/wp-json\/wp\/v2\/types\/post"}],"author":[{"embeddable":true,"href":"https:\/\/www.europesays.com\/se\/wp-json\/wp\/v2\/users\/2"}],"replies":[{"embeddable":true,"href":"https:\/\/www.europesays.com\/se\/wp-json\/wp\/v2\/comments?post=132039"}],"version-history":[{"count":0,"href":"https:\/\/www.europesays.com\/se\/wp-json\/wp\/v2\/posts\/132039\/revisions"}],"wp:featuredmedia":[{"embeddable":true,"href":"https:\/\/www.europesays.com\/se\/wp-json\/wp\/v2\/media\/132040"}],"wp:attachment":[{"href":"https:\/\/www.europesays.com\/se\/wp-json\/wp\/v2\/media?parent=132039"}],"wp:term":[{"taxonomy":"category","embeddable":true,"href":"https:\/\/www.europesays.com\/se\/wp-json\/wp\/v2\/categories?post=132039"},{"taxonomy":"post_tag","embeddable":true,"href":"https:\/\/www.europesays.com\/se\/wp-json\/wp\/v2\/tags?post=132039"}],"curies":[{"name":"wp","href":"https:\/\/api.w.org\/{rel}","templated":true}]}}