{"id":132041,"date":"2026-01-11T06:18:23","date_gmt":"2026-01-11T06:18:23","guid":{"rendered":"https:\/\/www.europesays.com\/se\/132041\/"},"modified":"2026-01-11T06:18:23","modified_gmt":"2026-01-11T06:18:23","slug":"sjukskoterskan-zahra-kazemipour-med-familj-far-ny-asylprovning","status":"publish","type":"post","link":"https:\/\/www.europesays.com\/se\/132041\/","title":{"rendered":"Sjuksk\u00f6terskan Zahra Kazemipour med familj f\u00e5r ny asylpr\u00f6vning"},"content":{"rendered":"<p>Den 8 januari skulle Zahra Kazemipour och hennes familj l\u00e4mna landet efter att reglerna om sp\u00e5rbyte \u00e4ndrades och deras ans\u00f6kan om arbetstillst\u00e5nd avslogs. Familjen har \u00f6verklagat beslutet och idag fick de veta att de f\u00e5r en ny pr\u00f6vning. Arbetsv\u00e4rlden har <a href=\"https:\/\/www.arbetsvarlden.se\/specialistsjukskoterska-fran-iran-nu-utvisas-hon-med-familjen\/\" rel=\"nofollow noopener\" target=\"_blank\">tidigare skrivit om familjen.<\/a><\/p>\n<p>Den 7 januari ringde Zahra Kazemipour till Migrationsverket och bad om lite mer tid att stanna i landet, men fick nej p\u00e5 sin f\u00f6rfr\u00e5gan. Idag den 9 januari kom beslutet att de f\u00e5r en ny asylpr\u00f6vning.<\/p>\n<p>Domaren k\u00f6rde \u00f6ver Migrationsverket<\/p>\n<p>N\u00e4r Arbetsv\u00e4rlden n\u00e5r Zahra Kazemipour \u00e4r hon i skolan f\u00f6r att h\u00e4mta sin dotter.<\/p>\n<p>\u2013 Det \u00e4r m\u00e5nga k\u00e4nslor idag. Vi har levt under s\u00e5 stor press en l\u00e4ngre tid. V\u00e4rst har varit att f\u00f6rs\u00f6ka vara glada f\u00f6r\u00e4ldrar inf\u00f6r v\u00e5ra barn, s\u00e4ger Zahra.<\/p>\n<p>Hon inv\u00e4ntar att dottern f\u00e5r ber\u00e4tta den glada nyheten f\u00f6r sina v\u00e4nner, innan de ska skynda vidare till tandl\u00e4karen och d\u00e4refter hem f\u00f6r att fira.<\/p>\n<p>Det har varit en tuff tid f\u00e5r b\u00e5da barnen.<\/p>\n<p>\u2013 Min son har varit r\u00e4dd och fr\u00e5gat vad som h\u00e4nder om i m\u00e5ste l\u00e4mna landet. Nu sl\u00e4pper lite av den h\u00e5rda press vi levt under.<\/p>\n<p>Zahra vet inte n\u00e4r deras \u00e4rende kommer att tas upp och hon vet inte heller om de f\u00e5r arbeta under tiden de v\u00e4ntar p\u00e5 ett nytt beslut.<\/p>\n<p>\u2013 Men jag hoppas att vi kommer att kunna jobba. Det \u00e4r en win-win-situation. Samh\u00e4llet beh\u00f6ver v\u00e5r kunskap och vi beh\u00f6ver skydd, s\u00e4ger Zahra.<\/p>\n<p>Innan vi l\u00e4gger p\u00e5 vill hon passa p\u00e5 att rikta ett tack till alla som har st\u00f6ttat familjen.<\/p>\n<p>\u2013 Vi har f\u00e5tt s\u00e5 mycket hj\u00e4lp och st\u00f6d fr\u00e5n svenskar. Tack alla som har funnits d\u00e4r.<\/p>\n<p>\u00d6rjan Mattsson som \u00e4r en v\u00e4n till familjen s\u00e4ger:<\/p>\n<p>\u2013 Familjen har f\u00e5tt besked om att de f\u00e5r en ny asylpr\u00f6vning. Migrationsverket tyckte inte att de skulle f\u00e5 det, men domaren var av en annan \u00e5sikt.<\/p>\n<p>Anledningen till beslutet \u00e4r att det finns nya omst\u00e4ndigheter i familjen.<\/p>\n<p>\u2013 Sonen \u00e4r konfimerad och kristen och Zahra h\u00e5ller kurser i hur man kan konvertera fr\u00e5n islam till kristendom. Dessutom \u00e4r l\u00e4get i Iran f\u00f6rv\u00e4rrat och maken som \u00e4r regimkritisk har tidigare suttit i f\u00e4ngelse och kan inte \u00e5terv\u00e4nda dit, s\u00e4ger \u00d6rjan Mattsson.<\/p>\n<p>Han lyfter ocks\u00e5 att det har haft betydelse att massmedia uppm\u00e4rksammat familjens fall.<\/p>\n<p>\u2013 Det har spritt sig till Iran och det har ocks\u00e5 blivit \u00e4nnu farliga f\u00f6r dem att \u00e5terv\u00e4nda, s\u00e4ger \u00d6rjan Mattsson.<\/p>\n<p><img fetchpriority=\"high\" decoding=\"async\" width=\"1024\" height=\"1024\" src=\"https:\/\/www.europesays.com\/se\/wp-content\/uploads\/2026\/01\/zahrakazemipourportratt-1024x1024.jpg\" alt=\"En person med glas\u00f6gon, en bl\u00e5 eng\u00e5ngsm\u00f6ssa och ett bl\u00e5tt sk\u00e4ggskydd st\u00e5r inomhus framf\u00f6r en gul v\u00e4gg med papperslappar och staplade muggar i bakgrunden.\" class=\"wp-image-74010\" style=\"width:200px\"  \/>Zahra Kazemipour. Foto: PrivatKan inte \u00e5ka till Iran<\/p>\n<p>Tiden fram till det nya beslutet har varit tuff. F\u00f6r\u00e4ldrarna f\u00f6rs\u00f6ker st\u00f6tta barnen att tr\u00e4ffa v\u00e4nner och g\u00e5 till skolan f\u00f6r att beh\u00e5lla n\u00e5gon form av normalitet mitt i det tuffa.<\/p>\n<p>Zahra och hennes man Afshad Joubeh kommer ursprungligen fr\u00e5n Iran. D\u00e4r har hennes man suttit i f\u00e4ngelse i tre \u00e5r s\u00e5 familjen kan inte \u00e5terv\u00e4nda dit. Migrationsverket har enligt Zahra ocks\u00e5 sagt till familjen att de inte kan tvinga dem att \u00e5kta dit under f\u00f6rh\u00e5llandena som r\u00e5der i landet just nu. H\u00e4ndelserna i Iran d\u00e4r m\u00e4nniskor d\u00f6das och f\u00e4ngslas, p\u00e5verkar ocks\u00e5 familjen mycket.<\/p>\n<p>2023 avslogs familjens asylans\u00f6kan. Zahra och Afshad blev d\u00e5 rekommenderade av Migrationsverket att s\u00f6ka arbetstillst\u00e5nd och de blev beviljade det genom s\u00e5 kallat sp\u00e5rbyte.<\/p>\n<p>Zahra och Afshad arbetade h\u00e5rt f\u00f6r att uppfylla kraven f\u00f6r sp\u00e5rbyte.<\/p>\n<p>De f\u00f6r\u00e4ndrade reglerna f\u00f6r sp\u00e5rbyte som tr\u00e4dde i kraft under v\u00e5ren 2025 g\u00f6r nu att familjen m\u00e5ste s\u00f6ka om nytt arbetstillst\u00e5nd i Sverige fr\u00e5n ett annat land. Men eftersom familjen inte har hittat n\u00e5got land som de kan flytta till, har de stannat i Sverige. Familjen har ocks\u00e5 tv\u00e5 barn som \u00e4r 15 och 7 \u00e5r gamla. Det yngsta barnet, en dotter, \u00e4r f\u00f6dd i Sverige. Den \u00e4ldsta var 6 \u00e5r n\u00e4r han kom hit.<\/p>\n<p>Uppskattade medarbetare p\u00e5 sjukhuset<\/p>\n<p>Zahra och hennes man har b\u00e5da arbetat som undersk\u00f6terskor p\u00e5 S\u00f6dersjukhuset i Stockholm fram till nu. Deras kollegor och chefer har uttalat sitt st\u00f6d f\u00f6r familjen och de \u00e4r mycket uppskattade f\u00f6r sitt arbete.\u00a0<\/p>\n<p>Att medarbetare och chefer anordnade en manifestation f\u00f6r familjen kan ocks\u00e5 ha p\u00e5verkat utfallet, tror familjens v\u00e4n \u00d6rjan Mattsson.<\/p>\n<p>Snart klar med kompletterande utbildning<\/p>\n<p>Zahra \u00e4r utbildad till specialistsjuksk\u00f6terska inom operationssjukv\u00e5rd i Iran. Hon \u00e4r snart klar med en kompletterande utbildning som g\u00f6r att hon kan b\u00f6rja arbeta som det ocks\u00e5 i Sverige. Hennes man som \u00e4r l\u00e4kare och de b\u00e5da samt de tv\u00e5 barnen har nu varit fast i ett ingemansland p\u00e5 grund av de f\u00f6r\u00e4ndrade reglerna f\u00f6r sp\u00e5rbyte.<\/p>\n<p>\u2013 Jag vet inte om de f\u00e5r arbeta nu med det nya beslutet, s\u00e4ger familjens v\u00e4n \u00d6rjan Mattsson.<\/p>\n<p>Hoppas f\u00e5 arbetstillst\u00e5nd<\/p>\n<p>Zahra hoppas forfarande p\u00e5 att de ska f\u00e5 ett arbetstillst\u00e5nd i Sverige. Det skulle g\u00f6ra att familjen kan forts\u00e4tta arbeta i de bristyrken de jobbat i och efter avslutade kompletterande utbildningar inom kort arbeta som sjuksk\u00f6terska och l\u00e4kare.<\/p>\n<p>Pressande situation f\u00f6r familjen<\/p>\n<p>Hela situationen har varit enormt pressande f\u00f6r alla i familjen.<\/p>\n<p>N\u00e4r de f\u00f6r\u00e4ndrade reglerna f\u00f6r sp\u00e5rbyte inf\u00f6rdes v\u00e5ren 2025 fanns en farh\u00e5ga om att det skulle leda till fler, inte f\u00e4rre pappersl\u00f6sa. Arbetsv\u00e4rlden har s\u00f6kt migrationsminister Johan Forsell f\u00f6r en kommentar kring detta, men han har inte \u00e5terkommit.<\/p>\n","protected":false},"excerpt":{"rendered":"Den 8 januari skulle Zahra Kazemipour och hennes familj l\u00e4mna landet efter att reglerna om sp\u00e5rbyte \u00e4ndrades och&hellip;\n","protected":false},"author":2,"featured_media":132042,"comment_status":"","ping_status":"","sticky":false,"template":"","format":"standard","meta":{"footnotes":""},"categories":[12],"tags":[11888,22,23,26,27,17,21,24,25,28,29,15,16,18,34,11889,31,33,32,30,19,20],"class_list":{"0":"post-132041","1":"post","2":"type-post","3":"status-publish","4":"format-standard","5":"has-post-thumbnail","7":"category-sverige","8":"tag-asyl","9":"tag-breaking-news","10":"tag-breakingnews","11":"tag-featured-news","12":"tag-featurednews","13":"tag-headlines","14":"tag-huvudnyheter","15":"tag-latest-news","16":"tag-latestnews","17":"tag-main-news","18":"tag-mainnews","19":"tag-news","20":"tag-nyheter","21":"tag-rubriker","22":"tag-se","23":"tag-sparbyte","24":"tag-svenska","25":"tag-sverige","26":"tag-sweden","27":"tag-swedish","28":"tag-top-stories","29":"tag-topstories"},"share_on_mastodon":{"url":"https:\/\/pubeurope.com\/@se\/115875014441148143","error":""},"_links":{"self":[{"href":"https:\/\/www.europesays.com\/se\/wp-json\/wp\/v2\/posts\/132041","targetHints":{"allow":["GET"]}}],"collection":[{"href":"https:\/\/www.europesays.com\/se\/wp-json\/wp\/v2\/posts"}],"about":[{"href":"https:\/\/www.europesays.com\/se\/wp-json\/wp\/v2\/types\/post"}],"author":[{"embeddable":true,"href":"https:\/\/www.europesays.com\/se\/wp-json\/wp\/v2\/users\/2"}],"replies":[{"embeddable":true,"href":"https:\/\/www.europesays.com\/se\/wp-json\/wp\/v2\/comments?post=132041"}],"version-history":[{"count":0,"href":"https:\/\/www.europesays.com\/se\/wp-json\/wp\/v2\/posts\/132041\/revisions"}],"wp:featuredmedia":[{"embeddable":true,"href":"https:\/\/www.europesays.com\/se\/wp-json\/wp\/v2\/media\/132042"}],"wp:attachment":[{"href":"https:\/\/www.europesays.com\/se\/wp-json\/wp\/v2\/media?parent=132041"}],"wp:term":[{"taxonomy":"category","embeddable":true,"href":"https:\/\/www.europesays.com\/se\/wp-json\/wp\/v2\/categories?post=132041"},{"taxonomy":"post_tag","embeddable":true,"href":"https:\/\/www.europesays.com\/se\/wp-json\/wp\/v2\/tags?post=132041"}],"curies":[{"name":"wp","href":"https:\/\/api.w.org\/{rel}","templated":true}]}}