{"id":132043,"date":"2026-01-11T06:42:06","date_gmt":"2026-01-11T06:42:06","guid":{"rendered":"https:\/\/www.europesays.com\/se\/132043\/"},"modified":"2026-01-11T06:42:06","modified_gmt":"2026-01-11T06:42:06","slug":"11-januari-07-27-sammanfattning-natt-orebro-lan","status":"publish","type":"post","link":"https:\/\/www.europesays.com\/se\/132043\/","title":{"rendered":"11 januari 07.27, Sammanfattning natt, \u00d6rebro l\u00e4n"},"content":{"rendered":"<p><strong>Misshandel, \u00d6rebro<\/strong><br \/>22.24. En man i 20-\u00e5rs\u00e5ldern har gripits misst\u00e4nkt f\u00f6r misshandel och olaga hot mot en kvinnlig bekant. Kvinnan, \u00e4ven hon i 20-\u00e5rs\u00e5ldern, \u00e5drog sig sm\u00e4rta men ska inte ha upps\u00f6kt sjukv\u00e5rd. Patrullen har h\u00e5llit f\u00f6rh\u00f6r med m\u00e5ls\u00e4gande och vittnen. Efter beslut fr\u00e5n \u00e5klagare sitter nu mannen anh\u00e5llen.\u00a0<\/p>\n<p><strong>Ofredande, \u00d6rebro<\/strong><br \/>23.28. Samtal inkommer om en ut\u00e5tagerande kvinna p\u00e5 en restaurang i City. Kvinnan ska ha kastat glas p\u00e5 g\u00e4sterna och kallat personalen f\u00f6r diverse okv\u00e4dingsord bland annat. Kvinnan, som \u00e4r i 35-\u00e5rs\u00e5ldern, fick avl\u00e4gsnas fr\u00e5n platsen. Hon \u00e4r misst\u00e4nkt f\u00f6r ofredande.\u00a0<\/p>\n<p><strong>Narkotikabrott, Karlskoga<\/strong><br \/>23.47. Tv\u00e5 killar i 20-\u00e5rs\u00e5ldern stoppas och kontrolleras av en patrull n\u00e4r de \u00e4r ute och g\u00e5r. En mindre m\u00e4ngd narkotika antr\u00e4ffades p\u00e5 m\u00e4nnen varvid beslut om husrannsakan fattades. I bostaden antr\u00e4ffades en patron samt narkotika. Anm\u00e4lan uppr\u00e4ttas g\u00e4llande narkotikabrott eget bruk och innehav samt vapenbrott.\u00a0<\/p>\n<p><strong>Rattfylleri, Karlskoga<\/strong><br \/>01.16. En manlig bilist i 60-\u00e5rs\u00e5ldern stoppas och kontrolleras i Str\u00e5ningstorp. Han bl\u00e5ser positivt i s\u00e5llningsinstrumentet f\u00f6r grovt rattfylleri och f\u00e5r f\u00f6lja med patrullen. K\u00f6rkortet omh\u00e4ndertas.\u00a0<\/p>\n","protected":false},"excerpt":{"rendered":"Misshandel, \u00d6rebro22.24. En man i 20-\u00e5rs\u00e5ldern har gripits misst\u00e4nkt f\u00f6r misshandel och olaga hot mot en kvinnlig bekant.&hellip;\n","protected":false},"author":2,"featured_media":54,"comment_status":"","ping_status":"","sticky":false,"template":"","format":"standard","meta":{"footnotes":""},"categories":[12],"tags":[22,23,26,27,17,21,24,25,28,29,15,16,18,34,31,33,32,30,19,20],"class_list":{"0":"post-132043","1":"post","2":"type-post","3":"status-publish","4":"format-standard","5":"has-post-thumbnail","7":"category-sverige","8":"tag-breaking-news","9":"tag-breakingnews","10":"tag-featured-news","11":"tag-featurednews","12":"tag-headlines","13":"tag-huvudnyheter","14":"tag-latest-news","15":"tag-latestnews","16":"tag-main-news","17":"tag-mainnews","18":"tag-news","19":"tag-nyheter","20":"tag-rubriker","21":"tag-se","22":"tag-svenska","23":"tag-sverige","24":"tag-sweden","25":"tag-swedish","26":"tag-top-stories","27":"tag-topstories"},"share_on_mastodon":{"url":"https:\/\/pubeurope.com\/@se\/115875108787371539","error":""},"_links":{"self":[{"href":"https:\/\/www.europesays.com\/se\/wp-json\/wp\/v2\/posts\/132043","targetHints":{"allow":["GET"]}}],"collection":[{"href":"https:\/\/www.europesays.com\/se\/wp-json\/wp\/v2\/posts"}],"about":[{"href":"https:\/\/www.europesays.com\/se\/wp-json\/wp\/v2\/types\/post"}],"author":[{"embeddable":true,"href":"https:\/\/www.europesays.com\/se\/wp-json\/wp\/v2\/users\/2"}],"replies":[{"embeddable":true,"href":"https:\/\/www.europesays.com\/se\/wp-json\/wp\/v2\/comments?post=132043"}],"version-history":[{"count":0,"href":"https:\/\/www.europesays.com\/se\/wp-json\/wp\/v2\/posts\/132043\/revisions"}],"wp:featuredmedia":[{"embeddable":true,"href":"https:\/\/www.europesays.com\/se\/wp-json\/wp\/v2\/media\/54"}],"wp:attachment":[{"href":"https:\/\/www.europesays.com\/se\/wp-json\/wp\/v2\/media?parent=132043"}],"wp:term":[{"taxonomy":"category","embeddable":true,"href":"https:\/\/www.europesays.com\/se\/wp-json\/wp\/v2\/categories?post=132043"},{"taxonomy":"post_tag","embeddable":true,"href":"https:\/\/www.europesays.com\/se\/wp-json\/wp\/v2\/tags?post=132043"}],"curies":[{"name":"wp","href":"https:\/\/api.w.org\/{rel}","templated":true}]}}