{"id":132056,"date":"2026-01-11T07:07:07","date_gmt":"2026-01-11T07:07:07","guid":{"rendered":"https:\/\/www.europesays.com\/se\/132056\/"},"modified":"2026-01-11T07:07:07","modified_gmt":"2026-01-11T07:07:07","slug":"trumps-talamod-med-putin-borjar-ta-slut","status":"publish","type":"post","link":"https:\/\/www.europesays.com\/se\/132056\/","title":{"rendered":"Trumps t\u00e5lamod med Putin b\u00f6rjar ta slut"},"content":{"rendered":"<p>K\u00e4llor i Vita huset uppger f\u00f6r The Telegraph att Donald Trump b\u00f6rjar tr\u00f6ttna p\u00e5 Vladimir Putin. Enligt uppgiftsl\u00e4mnarna anser Trump numera att Putin utg\u00f6r ett st\u00f6rre hinder f\u00f6r fred i Ukraina \u00e4n vad Volodymyr Zelenskyj g\u00f6r.<\/p>\n<p>I veckan beslagtog USA en ryskflaggad oljetanker i Atlanten. Enligt k\u00e4llorna ska det tolkas som en signal till Putin att f\u00e5 slut p\u00e5 kriget.<\/p>\n<p>\u2013 [Trump] jobbar utifr\u00e5n morot- och piskametoden. Och jag tror att han har f\u00e5tt slut p\u00e5 mor\u00f6tter, s\u00e4ger en k\u00e4lla n\u00e4ra den amerikanske presidenten till tidningen.<\/p>\n<p>Trump har tidigare talat varmt om Putin och beskyllt Ukraina f\u00f6r Rysslands invasion. Flera tidigare och nuvarande tj\u00e4nstem\u00e4n inom Trumpadministrationen s\u00e4ger dock att presidentens syn numera allt mer \u00e4r att Putin f\u00f6rs\u00f6ker vinna tid.<\/p>\n<p>Omni \u00e4r politiskt obundna och oberoende. Vi str\u00e4var efter att ge fler perspektiv p\u00e5 nyheterna. Har du fr\u00e5gor eller synpunkter kring v\u00e5r rapportering? <a href=\"https:\/\/omni.se\/kallor-trumps-talamod-med-putin-borjar-ta-slut\/a\/mailto:redaktion@omni.se\" class=\"ArticleActions_contactLink__W2F1M\" rel=\"nofollow noopener\" target=\"_blank\">Kontakta redaktionen<\/a><\/p>\n","protected":false},"excerpt":{"rendered":"K\u00e4llor i Vita huset uppger f\u00f6r The Telegraph att Donald Trump b\u00f6rjar tr\u00f6ttna p\u00e5 Vladimir Putin. Enligt uppgiftsl\u00e4mnarna&hellip;\n","protected":false},"author":2,"featured_media":132057,"comment_status":"","ping_status":"","sticky":false,"template":"","format":"standard","meta":{"footnotes":""},"categories":[14],"tags":[387,22,23,385,267,26,27,17,21,24,25,28,29,15,268,16,18,269,264,34,31,33,32,30,19,20,263,74,51,261,262,52,53,54],"class_list":{"0":"post-132056","1":"post","2":"type-post","3":"status-publish","4":"format-standard","5":"has-post-thumbnail","7":"category-varlden","8":"tag-amerikansk-politik","9":"tag-breaking-news","10":"tag-breakingnews","11":"tag-donald-trump","12":"tag-europa","13":"tag-featured-news","14":"tag-featurednews","15":"tag-headlines","16":"tag-huvudnyheter","17":"tag-latest-news","18":"tag-latestnews","19":"tag-main-news","20":"tag-mainnews","21":"tag-news","22":"tag-nordamerika","23":"tag-nyheter","24":"tag-rubriker","25":"tag-ryska-invasionen","26":"tag-ryssland","27":"tag-se","28":"tag-svenska","29":"tag-sverige","30":"tag-sweden","31":"tag-swedish","32":"tag-top-stories","33":"tag-topstories","34":"tag-ukraina","35":"tag-usa","36":"tag-varlden","37":"tag-vladimir-putin","38":"tag-volodymyr-zelenskyj","39":"tag-world","40":"tag-world-news","41":"tag-worldnews"},"share_on_mastodon":{"url":"https:\/\/pubeurope.com\/@se\/115875207119047569","error":""},"_links":{"self":[{"href":"https:\/\/www.europesays.com\/se\/wp-json\/wp\/v2\/posts\/132056","targetHints":{"allow":["GET"]}}],"collection":[{"href":"https:\/\/www.europesays.com\/se\/wp-json\/wp\/v2\/posts"}],"about":[{"href":"https:\/\/www.europesays.com\/se\/wp-json\/wp\/v2\/types\/post"}],"author":[{"embeddable":true,"href":"https:\/\/www.europesays.com\/se\/wp-json\/wp\/v2\/users\/2"}],"replies":[{"embeddable":true,"href":"https:\/\/www.europesays.com\/se\/wp-json\/wp\/v2\/comments?post=132056"}],"version-history":[{"count":0,"href":"https:\/\/www.europesays.com\/se\/wp-json\/wp\/v2\/posts\/132056\/revisions"}],"wp:featuredmedia":[{"embeddable":true,"href":"https:\/\/www.europesays.com\/se\/wp-json\/wp\/v2\/media\/132057"}],"wp:attachment":[{"href":"https:\/\/www.europesays.com\/se\/wp-json\/wp\/v2\/media?parent=132056"}],"wp:term":[{"taxonomy":"category","embeddable":true,"href":"https:\/\/www.europesays.com\/se\/wp-json\/wp\/v2\/categories?post=132056"},{"taxonomy":"post_tag","embeddable":true,"href":"https:\/\/www.europesays.com\/se\/wp-json\/wp\/v2\/tags?post=132056"}],"curies":[{"name":"wp","href":"https:\/\/api.w.org\/{rel}","templated":true}]}}