{"id":132058,"date":"2026-01-11T07:08:07","date_gmt":"2026-01-11T07:08:07","guid":{"rendered":"https:\/\/www.europesays.com\/se\/132058\/"},"modified":"2026-01-11T07:08:07","modified_gmt":"2026-01-11T07:08:07","slug":"11-januari-07-51-sammanfattning-natt-sodermanlands-lan","status":"publish","type":"post","link":"https:\/\/www.europesays.com\/se\/132058\/","title":{"rendered":"11 januari 07.51, Sammanfattning natt, S\u00f6dermanlands l\u00e4n"},"content":{"rendered":"<p>Polisens regionledningscentral har mellan klockan 22.00-07.00 hanterat cirka 70 \u00e4renden som r\u00f6r S\u00f6dermanlands l\u00e4n.<\/p>\n<p>Endast ett \u00e4rende sticker ut:<\/p>\n<p>03.40 larmas polisen om en misst\u00e4nkt misshandel i en l\u00e4genhet i Nyk\u00f6ping. Polis kommer till platsen och i l\u00e4genheten antr\u00e4ffas en man och en kvinna som har eller har haft en relation till varandra. Mannen, som \u00e4r i 25-\u00e5rs\u00e5ldern, grips misst\u00e4nkt f\u00f6r misshandel. Kvinnan, som \u00e4r i samma \u00e5lder, ska inte ha beh\u00f6vt sjukv\u00e5rd.\u00a0<\/p>\n","protected":false},"excerpt":{"rendered":"Polisens regionledningscentral har mellan klockan 22.00-07.00 hanterat cirka 70 \u00e4renden som r\u00f6r S\u00f6dermanlands l\u00e4n. Endast ett \u00e4rende sticker&hellip;\n","protected":false},"author":2,"featured_media":54,"comment_status":"","ping_status":"","sticky":false,"template":"","format":"standard","meta":{"footnotes":""},"categories":[12],"tags":[22,23,26,27,17,21,24,25,28,29,15,16,18,34,31,33,32,30,19,20],"class_list":{"0":"post-132058","1":"post","2":"type-post","3":"status-publish","4":"format-standard","5":"has-post-thumbnail","7":"category-sverige","8":"tag-breaking-news","9":"tag-breakingnews","10":"tag-featured-news","11":"tag-featurednews","12":"tag-headlines","13":"tag-huvudnyheter","14":"tag-latest-news","15":"tag-latestnews","16":"tag-main-news","17":"tag-mainnews","18":"tag-news","19":"tag-nyheter","20":"tag-rubriker","21":"tag-se","22":"tag-svenska","23":"tag-sverige","24":"tag-sweden","25":"tag-swedish","26":"tag-top-stories","27":"tag-topstories"},"share_on_mastodon":{"url":"https:\/\/pubeurope.com\/@se\/115875211041707225","error":""},"_links":{"self":[{"href":"https:\/\/www.europesays.com\/se\/wp-json\/wp\/v2\/posts\/132058","targetHints":{"allow":["GET"]}}],"collection":[{"href":"https:\/\/www.europesays.com\/se\/wp-json\/wp\/v2\/posts"}],"about":[{"href":"https:\/\/www.europesays.com\/se\/wp-json\/wp\/v2\/types\/post"}],"author":[{"embeddable":true,"href":"https:\/\/www.europesays.com\/se\/wp-json\/wp\/v2\/users\/2"}],"replies":[{"embeddable":true,"href":"https:\/\/www.europesays.com\/se\/wp-json\/wp\/v2\/comments?post=132058"}],"version-history":[{"count":0,"href":"https:\/\/www.europesays.com\/se\/wp-json\/wp\/v2\/posts\/132058\/revisions"}],"wp:featuredmedia":[{"embeddable":true,"href":"https:\/\/www.europesays.com\/se\/wp-json\/wp\/v2\/media\/54"}],"wp:attachment":[{"href":"https:\/\/www.europesays.com\/se\/wp-json\/wp\/v2\/media?parent=132058"}],"wp:term":[{"taxonomy":"category","embeddable":true,"href":"https:\/\/www.europesays.com\/se\/wp-json\/wp\/v2\/categories?post=132058"},{"taxonomy":"post_tag","embeddable":true,"href":"https:\/\/www.europesays.com\/se\/wp-json\/wp\/v2\/tags?post=132058"}],"curies":[{"name":"wp","href":"https:\/\/api.w.org\/{rel}","templated":true}]}}