{"id":132059,"date":"2026-01-11T07:09:07","date_gmt":"2026-01-11T07:09:07","guid":{"rendered":"https:\/\/www.europesays.com\/se\/132059\/"},"modified":"2026-01-11T07:09:07","modified_gmt":"2026-01-11T07:09:07","slug":"11-januari-07-52-sammanfattning-natt-ostergotlands-lan","status":"publish","type":"post","link":"https:\/\/www.europesays.com\/se\/132059\/","title":{"rendered":"11 januari 07.52, Sammanfattning natt, \u00d6sterg\u00f6tlands l\u00e4n"},"content":{"rendered":"<p>Polisens regionledningscentral har mellan klockan 22.00-07.00 hanterat cirka 100 \u00e4renden som r\u00f6r \u00d6sterg\u00f6tlands l\u00e4n. Runt 30 \u00e4renden handlar om larm om berusade personer som inte kan ta hand om sig sj\u00e4lva, eller personer som blivit omh\u00e4ndertagna enligt LOB.<\/p>\n<p>Vid 23.30-tiden larmas polisen om en misst\u00e4nkt misshandel i en l\u00e4genhet i Valdemarsvik. N\u00e4r polis kommer till platsen antr\u00e4ffas en man i 40-\u00e5rs\u00e5ldern i l\u00e4genheten, och han grips f\u00f6r misshandel. M\u00e5ls\u00e4gande \u00e4r en kvinna i 45-\u00e5rs\u00e5ldern som hade l\u00e4mnat bostaden n\u00e4r patrull kom till platsen. Kvinnan ska inte vara allvarligt skadad.<\/p>\n<p>02.30 larmas polisen till en l\u00e4genhet i Motala centrum, p\u00e5 grund av att en kvinna v\u00e4grar l\u00e4mna en mans l\u00e4genhet. Kvinnan och mannen har eller har haft n\u00e5gon slags relation till varandra. Polis kommer till platsen och informerar kvinnan om att hon m\u00e5ste l\u00e4mna l\u00e4genheten. Kvinnan, som \u00e4r i 40-\u00e5rs\u00e5ldern, misst\u00e4nks nu f\u00f6r hemfridsbrott.<\/p>\n<p>05.04 larmas polisen till Gamla staden i Norrk\u00f6ping p\u00e5 grund av ett misst\u00e4nkt inbrott i en elektronikbutik. P\u00e5 platsen syns en krossad ruta, men ingen person \u00e4r p\u00e5 plats. Polisen har kontrollerat flera personer i anslutning till h\u00e4ndelsen men inte antr\u00e4ffat en misst\u00e4nkt g\u00e4rningsman. En anm\u00e4lan om st\u00f6ld genom inbrott \u00e4r uppr\u00e4ttad. Det \u00e4r i nul\u00e4get oklart exakt vad som tillgripits.\u00a0<\/p>\n","protected":false},"excerpt":{"rendered":"Polisens regionledningscentral har mellan klockan 22.00-07.00 hanterat cirka 100 \u00e4renden som r\u00f6r \u00d6sterg\u00f6tlands l\u00e4n. Runt 30 \u00e4renden handlar&hellip;\n","protected":false},"author":2,"featured_media":54,"comment_status":"","ping_status":"","sticky":false,"template":"","format":"standard","meta":{"footnotes":""},"categories":[5],"tags":[22,23,26,27,17,21,24,25,28,29,15,16,18,34,31,33,32,30,19,20],"class_list":{"0":"post-132059","1":"post","2":"type-post","3":"status-publish","4":"format-standard","5":"has-post-thumbnail","7":"category-rubriker","8":"tag-breaking-news","9":"tag-breakingnews","10":"tag-featured-news","11":"tag-featurednews","12":"tag-headlines","13":"tag-huvudnyheter","14":"tag-latest-news","15":"tag-latestnews","16":"tag-main-news","17":"tag-mainnews","18":"tag-news","19":"tag-nyheter","20":"tag-rubriker","21":"tag-se","22":"tag-svenska","23":"tag-sverige","24":"tag-sweden","25":"tag-swedish","26":"tag-top-stories","27":"tag-topstories"},"share_on_mastodon":{"url":"https:\/\/pubeurope.com\/@se\/115875214956722423","error":""},"_links":{"self":[{"href":"https:\/\/www.europesays.com\/se\/wp-json\/wp\/v2\/posts\/132059","targetHints":{"allow":["GET"]}}],"collection":[{"href":"https:\/\/www.europesays.com\/se\/wp-json\/wp\/v2\/posts"}],"about":[{"href":"https:\/\/www.europesays.com\/se\/wp-json\/wp\/v2\/types\/post"}],"author":[{"embeddable":true,"href":"https:\/\/www.europesays.com\/se\/wp-json\/wp\/v2\/users\/2"}],"replies":[{"embeddable":true,"href":"https:\/\/www.europesays.com\/se\/wp-json\/wp\/v2\/comments?post=132059"}],"version-history":[{"count":0,"href":"https:\/\/www.europesays.com\/se\/wp-json\/wp\/v2\/posts\/132059\/revisions"}],"wp:featuredmedia":[{"embeddable":true,"href":"https:\/\/www.europesays.com\/se\/wp-json\/wp\/v2\/media\/54"}],"wp:attachment":[{"href":"https:\/\/www.europesays.com\/se\/wp-json\/wp\/v2\/media?parent=132059"}],"wp:term":[{"taxonomy":"category","embeddable":true,"href":"https:\/\/www.europesays.com\/se\/wp-json\/wp\/v2\/categories?post=132059"},{"taxonomy":"post_tag","embeddable":true,"href":"https:\/\/www.europesays.com\/se\/wp-json\/wp\/v2\/tags?post=132059"}],"curies":[{"name":"wp","href":"https:\/\/api.w.org\/{rel}","templated":true}]}}