{"id":132062,"date":"2026-01-11T07:12:07","date_gmt":"2026-01-11T07:12:07","guid":{"rendered":"https:\/\/www.europesays.com\/se\/132062\/"},"modified":"2026-01-11T07:12:07","modified_gmt":"2026-01-11T07:12:07","slug":"zara-larssons-ilska-mot-ice-efter-beskedet-om-pojkvannen","status":"publish","type":"post","link":"https:\/\/www.europesays.com\/se\/132062\/","title":{"rendered":"Zara Larssons ilska mot ICE efter beskedet om pojkv\u00e4nnen"},"content":{"rendered":"<p>Publicerad 11 jan 2026 kl 06.22<\/p>\n<p>Den svenska popstj\u00e4rnan hade en explosiv harang p\u00e5 sina sociala medier under l\u00f6rdagen.<\/p>\n<p>Zara Larsson skrev bland annat att hon \u201d\u00e4lskar kriminella\u201d och \u201dhatar ICE\u201d.<\/p>\n<p>\u2013 Jag vet inte med er, men jag skulle hellre ha n\u00e5gon som r\u00f6ker crack i min soffa \u00e4n en j\u00e4vla ICE-agent, usch, skriver hon p\u00e5 Instagram.<\/p>\n<p><img   alt=\"\"\/><\/p>\n<p>Zara Larsson ska snart p\u00e5 turn\u00e9 i USA.<\/p>\n<p>Foto: Stefan Jerrev\u00e5ng\/TT \/ TT NYHETSBYR\u00c5N<\/p>\n<p>\u00d6ppna bild i helsk\u00e4rm<\/p>\n<p>Zara Larsson utspel har bland annat skapat rubriker p\u00e5 <a href=\"https:\/\/www.tmz.com\/2026\/01\/10\/zara-larsson-loves-criminals-hates-ice\/\" rel=\"nofollow noopener\" target=\"_blank\">TMZ<\/a>. I en rad inl\u00e4gg p\u00e5 s\u00e5ngarens h\u00e4ndelser p\u00e5 Instagram f\u00f6rkunnar hon flera saker och typer av m\u00e4nniskor hon \u00e4lskar.<\/p>\n<p>\u2013 Jag \u00e4lskar kriminella, skriver hon bland annat.<\/p>\n<p>Men det finns en grupp av m\u00e4nniskor som popstj\u00e4rnan inte gillar.\u00a0<\/p>\n<p>\u2013 Jag hatar ICE, skriver <a href=\"https:\/\/www.expressen.se\/tagg\/person\/zara-larsson\/\" class=\"\" rel=\"nofollow noopener\" target=\"_blank\">Zara Larsson<\/a>.\u00a0<\/p>\n<p>\u201d\u00c4cklig cocktail\u201d<\/p>\n<p>Utspelet kommer efter att en agent fr\u00e5n den amerikanska immigrationsmyndighetens skjutit ihj\u00e4l en kvinna i Minneapolis, n\u00e5got som skapat stora protester i USA.<\/p>\n<p>\u2013 Vad gick fel? \u00c4r det toxisk maskulinitet, ett br\u00e4ckligt ego, en r\u00e4dsla f\u00f6r m\u00e4nniskor och l\u00e5g IQ ihop blandat, som en \u00e4cklig cocktail?\u00a0<\/p>\n<p>I ett av inl\u00e4ggen f\u00f6rtydligar hon varf\u00f6r hon inte gillar det amerikanska r\u00e4ttssystemet och varf\u00f6r hon \u00e4lskar kriminella.<\/p>\n<p><img loading=\"lazy\"   alt=\"\"\/><\/p>\n<p>Den svenska popstj\u00e4rnan skrev flera inl\u00e4gg p\u00e5 Instagram.<\/p>\n<p>Foto: Sk\u00e4rmdump \/ Instagram<\/p>\n<p>\u00d6ppna bild i helsk\u00e4rm<img loading=\"lazy\"   alt=\"\"\/> <\/p>\n<p>Foto: Sk\u00e4rmdump \/ Instagram<\/p>\n<p>\u00d6ppna bild i helsk\u00e4rm<img loading=\"lazy\"   alt=\"\"\/> <\/p>\n<p>Foto: Sk\u00e4rmdump \/ Instagram<\/p>\n<p>\u00d6ppna bild i helsk\u00e4rm<img loading=\"lazy\"   alt=\"\"\/> <\/p>\n<p>Foto: Privat \/ Instagram<\/p>\n<p>\u00d6ppna bild i helsk\u00e4rm\u201dHellre n\u00e5gon som r\u00f6ker crack i min soffa\u201d<\/p>\n<p>K\u00e4nslorna grundar sig i att s\u00e5ngarens pojkv\u00e4n inte kan f\u00f6lja med henne till USA, p\u00e5 grund av en gammal dom f\u00f6r marijuana, skriver hon. Hon fl\u00f6rtar \u00e4ven med tanken om att marijuana ska bli lagligt, vilket det \u00e4r i flera stater i USA i dag.<\/p>\n<p>\u2013 Jag vet inte med er, men jag skulle hellre ha n\u00e5gon som r\u00f6ker crack i min soffa \u00e4n en j\u00e4vla ICE-agent, usch.<\/p>\n<p>Zara Larsson kommer snart att \u00e5ka p\u00e5 turn\u00e9 i USA, enligt TMZ. Tidningen skriver att det g\u00e5r att \u201danta att det finns en grupp av m\u00e4nniskor hon inte vill se p\u00e5 sina spelningar\u201d.<\/p>\n","protected":false},"excerpt":{"rendered":"Publicerad 11 jan 2026 kl 06.22 Den svenska popstj\u00e4rnan hade en explosiv harang p\u00e5 sina sociala medier under&hellip;\n","protected":false},"author":2,"featured_media":132063,"comment_status":"","ping_status":"","sticky":false,"template":"","format":"standard","meta":{"footnotes":""},"categories":[67],"tags":[104,45,4086,34,31,33,32,30,402,105],"class_list":{"0":"post-132062","1":"post","2":"type-post","3":"status-publish","4":"format-standard","5":"has-post-thumbnail","7":"category-underhallning","8":"tag-entertainment","9":"tag-location-usa","10":"tag-person-zara-larsson","11":"tag-se","12":"tag-svenska","13":"tag-sverige","14":"tag-sweden","15":"tag-swedish","16":"tag-topic-artister","17":"tag-underhallning"},"share_on_mastodon":{"url":"https:\/\/pubeurope.com\/@se\/115875226768223418","error":""},"_links":{"self":[{"href":"https:\/\/www.europesays.com\/se\/wp-json\/wp\/v2\/posts\/132062","targetHints":{"allow":["GET"]}}],"collection":[{"href":"https:\/\/www.europesays.com\/se\/wp-json\/wp\/v2\/posts"}],"about":[{"href":"https:\/\/www.europesays.com\/se\/wp-json\/wp\/v2\/types\/post"}],"author":[{"embeddable":true,"href":"https:\/\/www.europesays.com\/se\/wp-json\/wp\/v2\/users\/2"}],"replies":[{"embeddable":true,"href":"https:\/\/www.europesays.com\/se\/wp-json\/wp\/v2\/comments?post=132062"}],"version-history":[{"count":0,"href":"https:\/\/www.europesays.com\/se\/wp-json\/wp\/v2\/posts\/132062\/revisions"}],"wp:featuredmedia":[{"embeddable":true,"href":"https:\/\/www.europesays.com\/se\/wp-json\/wp\/v2\/media\/132063"}],"wp:attachment":[{"href":"https:\/\/www.europesays.com\/se\/wp-json\/wp\/v2\/media?parent=132062"}],"wp:term":[{"taxonomy":"category","embeddable":true,"href":"https:\/\/www.europesays.com\/se\/wp-json\/wp\/v2\/categories?post=132062"},{"taxonomy":"post_tag","embeddable":true,"href":"https:\/\/www.europesays.com\/se\/wp-json\/wp\/v2\/tags?post=132062"}],"curies":[{"name":"wp","href":"https:\/\/api.w.org\/{rel}","templated":true}]}}