{"id":132066,"date":"2026-01-11T07:15:21","date_gmt":"2026-01-11T07:15:21","guid":{"rendered":"https:\/\/www.europesays.com\/se\/132066\/"},"modified":"2026-01-11T07:15:21","modified_gmt":"2026-01-11T07:15:21","slug":"8-sidor-ryska-attacker-mot-ukraina","status":"publish","type":"post","link":"https:\/\/www.europesays.com\/se\/132066\/","title":{"rendered":"8 Sidor &#8211; Ryska attacker mot Ukraina"},"content":{"rendered":"<p>Brandm\u00e4n sl\u00e4cker en eld. Ryska raketer har tr\u00e4ffat huset. Foto: Efrem Lukatsky\/AP\/TT<\/p>\n<p>Ryssland har attackerat<br \/>flera platser i Ukraina<br \/>de senaste dagarna.<\/p>\n<p>Minst fyra personer har<br \/>d\u00f6tt i huvudstaden Kiev.<br \/>Ungef\u00e4r 20 personer<br \/>\u00e4r skadade.<br \/>Ryssland anv\u00e4nde<br \/>en s\u00e4rskilt snabb raket<br \/>i attacken.<\/p>\n<p>Ryssland attackerade<br \/>ocks\u00e5 staden Kryvyj Rih.<br \/>Minst en person dog i attacken<br \/>och ungef\u00e4r 20 blev skadade.<\/p>\n<p>Ryssland har f\u00f6rst\u00f6rt<br \/>ledningar f\u00f6r el<br \/>i omr\u00e5det Dnipropetrovsk.<br \/>\u00d6ver en miljon m\u00e4nniskor<br \/>saknar vatten och v\u00e4rme,<br \/>s\u00e4ger en minister.<\/p>\n<p>Samtidigt har attacker<br \/>fr\u00e5n Ukraina gjort<br \/>att en halv miljon m\u00e4nniskor saknar el<br \/>i det ryska omr\u00e5det Belgorod.<\/p>\n<p>Samtalen om en paus<br \/>i kriget forts\u00e4tter.<br \/>Men inget \u00e4r klart.<\/p>\n<p>8 SIDOR\/TT<\/p>\n","protected":false},"excerpt":{"rendered":"Brandm\u00e4n sl\u00e4cker en eld. Ryska raketer har tr\u00e4ffat huset. Foto: Efrem Lukatsky\/AP\/TT Ryssland har attackeratflera platser i Ukrainade&hellip;\n","protected":false},"author":2,"featured_media":132067,"comment_status":"","ping_status":"","sticky":false,"template":"","format":"standard","meta":{"footnotes":""},"categories":[14],"tags":[22,23,26,27,17,21,24,25,28,29,15,16,18,34,31,33,32,30,19,20,51,52,53,54],"class_list":{"0":"post-132066","1":"post","2":"type-post","3":"status-publish","4":"format-standard","5":"has-post-thumbnail","7":"category-varlden","8":"tag-breaking-news","9":"tag-breakingnews","10":"tag-featured-news","11":"tag-featurednews","12":"tag-headlines","13":"tag-huvudnyheter","14":"tag-latest-news","15":"tag-latestnews","16":"tag-main-news","17":"tag-mainnews","18":"tag-news","19":"tag-nyheter","20":"tag-rubriker","21":"tag-se","22":"tag-svenska","23":"tag-sverige","24":"tag-sweden","25":"tag-swedish","26":"tag-top-stories","27":"tag-topstories","28":"tag-varlden","29":"tag-world","30":"tag-world-news","31":"tag-worldnews"},"share_on_mastodon":{"url":"https:\/\/pubeurope.com\/@se\/115875238570859364","error":""},"_links":{"self":[{"href":"https:\/\/www.europesays.com\/se\/wp-json\/wp\/v2\/posts\/132066","targetHints":{"allow":["GET"]}}],"collection":[{"href":"https:\/\/www.europesays.com\/se\/wp-json\/wp\/v2\/posts"}],"about":[{"href":"https:\/\/www.europesays.com\/se\/wp-json\/wp\/v2\/types\/post"}],"author":[{"embeddable":true,"href":"https:\/\/www.europesays.com\/se\/wp-json\/wp\/v2\/users\/2"}],"replies":[{"embeddable":true,"href":"https:\/\/www.europesays.com\/se\/wp-json\/wp\/v2\/comments?post=132066"}],"version-history":[{"count":0,"href":"https:\/\/www.europesays.com\/se\/wp-json\/wp\/v2\/posts\/132066\/revisions"}],"wp:featuredmedia":[{"embeddable":true,"href":"https:\/\/www.europesays.com\/se\/wp-json\/wp\/v2\/media\/132067"}],"wp:attachment":[{"href":"https:\/\/www.europesays.com\/se\/wp-json\/wp\/v2\/media?parent=132066"}],"wp:term":[{"taxonomy":"category","embeddable":true,"href":"https:\/\/www.europesays.com\/se\/wp-json\/wp\/v2\/categories?post=132066"},{"taxonomy":"post_tag","embeddable":true,"href":"https:\/\/www.europesays.com\/se\/wp-json\/wp\/v2\/tags?post=132066"}],"curies":[{"name":"wp","href":"https:\/\/api.w.org\/{rel}","templated":true}]}}