{"id":132068,"date":"2026-01-11T07:16:07","date_gmt":"2026-01-11T07:16:07","guid":{"rendered":"https:\/\/www.europesays.com\/se\/132068\/"},"modified":"2026-01-11T07:16:07","modified_gmt":"2026-01-11T07:16:07","slug":"presstraff-i-salen-med-statsministern-forsvarsministern-och-ministern-for-civilt-forsvar","status":"publish","type":"post","link":"https:\/\/www.europesays.com\/se\/132068\/","title":{"rendered":"Presstr\u00e4ff i S\u00e4len med statsministern, f\u00f6rsvarsministern och ministern f\u00f6r civilt f\u00f6rsvar"},"content":{"rendered":"<p>&#13;<br \/>\nS\u00f6ndag den 11 januari h\u00e5ller statsminister Ulf Kristersson, f\u00f6rsvarsminister P\u00e5l Jonson och minister f\u00f6r civilt f\u00f6rsvar Carl-Oskar Bohlin en presstr\u00e4ff. Presstr\u00e4ffen h\u00e5lls p\u00e5 Folk och F\u00f6rsvars rikskonferens i S\u00e4len.<\/p>\n<p>            &#13;<br \/>\n                <strong>Tid:<\/strong>&#13;<br \/>\n&#13;<br \/>\n        11 januari 2026 kl. 15.00<br \/>&#13;<br \/>\n&#13;<br \/>\n                <strong>Plats:<\/strong>&#13;<br \/>\nPressrummet, H\u00f6gfj\u00e4llshotellet, S\u00e4len. Observera att presstr\u00e4ffen inte direkts\u00e4nds i Regeringskansliets kanaler.                <\/p>\n<p>&#13;<br \/>\n                    <strong>Praktisk information:<\/strong>&#13;<br \/>\n                    Pressackreditering beh\u00f6vs inte.<br \/>\n&#13;\n                <\/p>\n<p>I samband med presstr\u00e4ffen kommer en nyhet att presenteras.<\/p>\n","protected":false},"excerpt":{"rendered":"&#13; S\u00f6ndag den 11 januari h\u00e5ller statsminister Ulf Kristersson, f\u00f6rsvarsminister P\u00e5l Jonson och minister f\u00f6r civilt f\u00f6rsvar Carl-Oskar&hellip;\n","protected":false},"author":2,"featured_media":67452,"comment_status":"","ping_status":"","sticky":false,"template":"","format":"standard","meta":{"footnotes":""},"categories":[12],"tags":[22,23,26,27,17,21,24,25,28,29,15,16,18,34,31,33,32,30,19,20],"class_list":{"0":"post-132068","1":"post","2":"type-post","3":"status-publish","4":"format-standard","5":"has-post-thumbnail","7":"category-sverige","8":"tag-breaking-news","9":"tag-breakingnews","10":"tag-featured-news","11":"tag-featurednews","12":"tag-headlines","13":"tag-huvudnyheter","14":"tag-latest-news","15":"tag-latestnews","16":"tag-main-news","17":"tag-mainnews","18":"tag-news","19":"tag-nyheter","20":"tag-rubriker","21":"tag-se","22":"tag-svenska","23":"tag-sverige","24":"tag-sweden","25":"tag-swedish","26":"tag-top-stories","27":"tag-topstories"},"share_on_mastodon":{"url":"https:\/\/pubeurope.com\/@se\/115875242578346324","error":""},"_links":{"self":[{"href":"https:\/\/www.europesays.com\/se\/wp-json\/wp\/v2\/posts\/132068","targetHints":{"allow":["GET"]}}],"collection":[{"href":"https:\/\/www.europesays.com\/se\/wp-json\/wp\/v2\/posts"}],"about":[{"href":"https:\/\/www.europesays.com\/se\/wp-json\/wp\/v2\/types\/post"}],"author":[{"embeddable":true,"href":"https:\/\/www.europesays.com\/se\/wp-json\/wp\/v2\/users\/2"}],"replies":[{"embeddable":true,"href":"https:\/\/www.europesays.com\/se\/wp-json\/wp\/v2\/comments?post=132068"}],"version-history":[{"count":0,"href":"https:\/\/www.europesays.com\/se\/wp-json\/wp\/v2\/posts\/132068\/revisions"}],"wp:featuredmedia":[{"embeddable":true,"href":"https:\/\/www.europesays.com\/se\/wp-json\/wp\/v2\/media\/67452"}],"wp:attachment":[{"href":"https:\/\/www.europesays.com\/se\/wp-json\/wp\/v2\/media?parent=132068"}],"wp:term":[{"taxonomy":"category","embeddable":true,"href":"https:\/\/www.europesays.com\/se\/wp-json\/wp\/v2\/categories?post=132068"},{"taxonomy":"post_tag","embeddable":true,"href":"https:\/\/www.europesays.com\/se\/wp-json\/wp\/v2\/tags?post=132068"}],"curies":[{"name":"wp","href":"https:\/\/api.w.org\/{rel}","templated":true}]}}