{"id":132079,"date":"2026-01-11T07:36:06","date_gmt":"2026-01-11T07:36:06","guid":{"rendered":"https:\/\/www.europesays.com\/se\/132079\/"},"modified":"2026-01-11T07:36:06","modified_gmt":"2026-01-11T07:36:06","slug":"det-avgorande-symptomet-som-skiljer-covid-fran-influensa","status":"publish","type":"post","link":"https:\/\/www.europesays.com\/se\/132079\/","title":{"rendered":"Det avg\u00f6rande symptomet som skiljer covid fr\u00e5n influensa"},"content":{"rendered":"<p>Influensa kan ge liknande besv\u00e4r senare<\/p>\n<p>Samtidigt betonar experter att \u00e4ven influensa i vissa fall kan leda till andningssv\u00e5righeter, exempelvis vid lunginflammation. <\/p>\n<p>Skillnaden ligger fr\u00e4mst i tidpunkten. <\/p>\n<p>Om andf\u00e5ddhet upptr\u00e4der tidigt b\u00f6r misstanken i f\u00f6rsta hand riktas mot covid.<\/p>\n<p>Det \u00e4r d\u00e4rf\u00f6r viktigt att ta symtomen p\u00e5 allvar och vid behov testa sig, s\u00e4rskilt f\u00f6r personer i riskgrupper eller de som vistas n\u00e4ra \u00e4ldre och sk\u00f6ra individer.<\/p>\n<p>Vaccination fortsatt viktig \u00e5tg\u00e4rd<\/p>\n<p>Sjukv\u00e5rdsmyndigheter understryker att vaccination fortsatt \u00e4r det mest effektiva skyddet mot b\u00e5de influensa och covid. <\/p>\n<p>Det g\u00e4ller inte minst under vintern d\u00e5 belastningen p\u00e5 v\u00e5rden \u00f6kar.<\/p>\n<p>\u201dVi vet att vaccination \u00e4r det b\u00e4sta f\u00f6rsvaret mot luftv\u00e4gsinfektioner som influensa och covid, och det \u00e4r ett enkelt s\u00e4tt att skydda sig sj\u00e4lv och sin familj under vintern\u201d, s\u00e4ger<strong> Dr Jamie Lopez Bernal<\/strong> vid UKHSA.<\/p>\n<p>\u00c4ldre, personer med kroniska sjukdomar och andra riskgrupper uppmanas s\u00e4rskilt att ta del av vaccinationserbjudanden. <\/p>\n<p>Genom att vara uppm\u00e4rksam p\u00e5 tidiga symtom och anv\u00e4nda tillg\u00e4ngliga skydd kan b\u00e5de smittspridning och allvarlig sjukdom minska under den intensiva vinters\u00e4songen.<\/p>\n<p><strong>Missa inte:<\/strong><\/p>\n<p><a href=\"https:\/\/www.e55.se\/halsa\/sa-kan-du-ma-battre-i-ditt-aldrande\/\" rel=\"nofollow noopener\" target=\"_blank\">S\u00e5 kan du m\u00e5 b\u00e4ttre i ditt \u00e5ldrande \u2013 E55<\/a><\/p>\n<p><a href=\"https:\/\/www.e55.se\/halsa\/skora-faller-mellan-stolarna-darfor-fungerar-inte-vardkedjan\/\" rel=\"nofollow noopener\" target=\"_blank\">Sk\u00f6ra faller mellan stolarna \u2013 d\u00e4rf\u00f6r fungerar inte v\u00e5rdkedjan \u2013 E55<\/a><\/p>\n<p>L\u00e4s mer fr\u00e5n E55 &#8211; v\u00e5rt nyhetsbrev \u00e4r kostnadsfritt:Prenumerera<\/p>\n","protected":false},"excerpt":{"rendered":"Influensa kan ge liknande besv\u00e4r senare Samtidigt betonar experter att \u00e4ven influensa i vissa fall kan leda till&hellip;\n","protected":false},"author":2,"featured_media":132080,"comment_status":"","ping_status":"","sticky":false,"template":"","format":"standard","meta":{"footnotes":""},"categories":[69],"tags":[13088,113,112,34,31,33,32,30],"class_list":{"0":"post-132079","1":"post","2":"type-post","3":"status-publish","4":"format-standard","5":"has-post-thumbnail","7":"category-halsa","8":"tag-covid","9":"tag-halsa","10":"tag-health","11":"tag-se","12":"tag-svenska","13":"tag-sverige","14":"tag-sweden","15":"tag-swedish"},"share_on_mastodon":{"url":"https:\/\/pubeurope.com\/@se\/115875321167463508","error":""},"_links":{"self":[{"href":"https:\/\/www.europesays.com\/se\/wp-json\/wp\/v2\/posts\/132079","targetHints":{"allow":["GET"]}}],"collection":[{"href":"https:\/\/www.europesays.com\/se\/wp-json\/wp\/v2\/posts"}],"about":[{"href":"https:\/\/www.europesays.com\/se\/wp-json\/wp\/v2\/types\/post"}],"author":[{"embeddable":true,"href":"https:\/\/www.europesays.com\/se\/wp-json\/wp\/v2\/users\/2"}],"replies":[{"embeddable":true,"href":"https:\/\/www.europesays.com\/se\/wp-json\/wp\/v2\/comments?post=132079"}],"version-history":[{"count":0,"href":"https:\/\/www.europesays.com\/se\/wp-json\/wp\/v2\/posts\/132079\/revisions"}],"wp:featuredmedia":[{"embeddable":true,"href":"https:\/\/www.europesays.com\/se\/wp-json\/wp\/v2\/media\/132080"}],"wp:attachment":[{"href":"https:\/\/www.europesays.com\/se\/wp-json\/wp\/v2\/media?parent=132079"}],"wp:term":[{"taxonomy":"category","embeddable":true,"href":"https:\/\/www.europesays.com\/se\/wp-json\/wp\/v2\/categories?post=132079"},{"taxonomy":"post_tag","embeddable":true,"href":"https:\/\/www.europesays.com\/se\/wp-json\/wp\/v2\/tags?post=132079"}],"curies":[{"name":"wp","href":"https:\/\/api.w.org\/{rel}","templated":true}]}}