{"id":132081,"date":"2026-01-11T07:43:07","date_gmt":"2026-01-11T07:43:07","guid":{"rendered":"https:\/\/www.europesays.com\/se\/132081\/"},"modified":"2026-01-11T07:43:07","modified_gmt":"2026-01-11T07:43:07","slug":"ishockey-william-nylander-tillbaka-bjod-pa-drommal-direkt","status":"publish","type":"post","link":"https:\/\/www.europesays.com\/se\/132081\/","title":{"rendered":"Ishockey: William Nylander tillbaka \u2013 bj\u00f6d p\u00e5 dr\u00f6mm\u00e5l direkt"},"content":{"rendered":"<p>Toronto Maple Leafs William Nylander har missat de sex senaste matcherna med en underkroppsskada, men under nattens match mot Vancouver var svensken tillbaka framf\u00f6r sina hemmasupportrar.<\/p>\n<p>Och han skulle inte g\u00f6ra n\u00e5gon besviken i sin comeback. <\/p>\n<p>29-\u00e5ringen b\u00f6rjade kv\u00e4llen med att spela fram till 1\u20130-m\u00e5let, och strax innan den f\u00f6rsta periodpausen slog han till p\u00e5 egen hand n\u00e4r han bj\u00f6d p\u00e5 ett riktigt l\u00e4ckert m\u00e5l. <\/p>\n<p>\u201dDet var l\u00e4tt\u201d<\/p>\n<p>\u2013 Stevie (Lorentz) bj\u00f6d p\u00e5 en otrolig passning s\u00e5 det var ett sk\u00f6nt s\u00e4tt att f\u00e5 komma tillbaka p\u00e5. Jag \u00e4r bara glad att grabbarna har spelat s\u00e5 bra medan jag har varit borta, s\u00e5 det var l\u00e4tt att komma tillbaka, s\u00e4ger Nylander till NHL:s hemsida. <\/p>\n<p>Nylander spelade sedan fram till ytterligare ett m\u00e5l och stod d\u00e4rmed f\u00f6r ett m\u00e5l och tv\u00e5 assist n\u00e4r Toronto vann matchen med 5\u20130.<\/p>\n","protected":false},"excerpt":{"rendered":"Toronto Maple Leafs William Nylander har missat de sex senaste matcherna med en underkroppsskada, men under nattens match&hellip;\n","protected":false},"author":2,"featured_media":132082,"comment_status":"","ping_status":"","sticky":false,"template":"","format":"standard","meta":{"footnotes":""},"categories":[5],"tags":[22,23,26,27,17,21,24,25,28,29,15,16,18,34,31,33,32,30,19,20],"class_list":{"0":"post-132081","1":"post","2":"type-post","3":"status-publish","4":"format-standard","5":"has-post-thumbnail","7":"category-rubriker","8":"tag-breaking-news","9":"tag-breakingnews","10":"tag-featured-news","11":"tag-featurednews","12":"tag-headlines","13":"tag-huvudnyheter","14":"tag-latest-news","15":"tag-latestnews","16":"tag-main-news","17":"tag-mainnews","18":"tag-news","19":"tag-nyheter","20":"tag-rubriker","21":"tag-se","22":"tag-svenska","23":"tag-sverige","24":"tag-sweden","25":"tag-swedish","26":"tag-top-stories","27":"tag-topstories"},"share_on_mastodon":{"url":"https:\/\/pubeurope.com\/@se\/115875348681604126","error":""},"_links":{"self":[{"href":"https:\/\/www.europesays.com\/se\/wp-json\/wp\/v2\/posts\/132081","targetHints":{"allow":["GET"]}}],"collection":[{"href":"https:\/\/www.europesays.com\/se\/wp-json\/wp\/v2\/posts"}],"about":[{"href":"https:\/\/www.europesays.com\/se\/wp-json\/wp\/v2\/types\/post"}],"author":[{"embeddable":true,"href":"https:\/\/www.europesays.com\/se\/wp-json\/wp\/v2\/users\/2"}],"replies":[{"embeddable":true,"href":"https:\/\/www.europesays.com\/se\/wp-json\/wp\/v2\/comments?post=132081"}],"version-history":[{"count":0,"href":"https:\/\/www.europesays.com\/se\/wp-json\/wp\/v2\/posts\/132081\/revisions"}],"wp:featuredmedia":[{"embeddable":true,"href":"https:\/\/www.europesays.com\/se\/wp-json\/wp\/v2\/media\/132082"}],"wp:attachment":[{"href":"https:\/\/www.europesays.com\/se\/wp-json\/wp\/v2\/media?parent=132081"}],"wp:term":[{"taxonomy":"category","embeddable":true,"href":"https:\/\/www.europesays.com\/se\/wp-json\/wp\/v2\/categories?post=132081"},{"taxonomy":"post_tag","embeddable":true,"href":"https:\/\/www.europesays.com\/se\/wp-json\/wp\/v2\/tags?post=132081"}],"curies":[{"name":"wp","href":"https:\/\/api.w.org\/{rel}","templated":true}]}}