{"id":132093,"date":"2026-01-11T08:13:07","date_gmt":"2026-01-11T08:13:07","guid":{"rendered":"https:\/\/www.europesays.com\/se\/132093\/"},"modified":"2026-01-11T08:13:07","modified_gmt":"2026-01-11T08:13:07","slug":"digital-euro-enda-forsvaret-mot-usa","status":"publish","type":"post","link":"https:\/\/www.europesays.com\/se\/132093\/","title":{"rendered":"Digital euro \u201denda f\u00f6rsvaret\u201d mot USA"},"content":{"rendered":"<p>\u00d6ver 60 ekonomer uppmanar EU att g\u00e5 vidare med en digital euro. Om projektet fallerar riskerar Europa att f\u00f6rlora kontrollen \u00f6ver sina egna pengar och bli mer beroende av USA, varnar de enligt FT. <\/p>\n<p>\u201dEuropa kommer att f\u00f6rlora kontrollen \u00f6ver det mest grundl\u00e4ggande inslaget i v\u00e5r ekonomi: v\u00e5ra pengar. En robust offentlig digital euro \u00e4r v\u00e5rt enda f\u00f6rsvar\u201d, skriver ekonomerna. <\/p>\n<p>Frankrikes Eric Monnet, Tysklands Jan Pieter Krahnen och Londonbaserade Daniela Gabor \u00e4r n\u00e5gra av akademikerna som st\u00e4ller sig bakom brevet. De menar att regionen redan nu \u00e4r alltf\u00f6r beroende av digitala betaltj\u00e4nster fr\u00e5n USA, vilket kan uts\u00e4tta kontinenten f\u00f6r \u201dgeopolitisk p\u00e5tryckning, utl\u00e4ndska kommersiella intressen och systemrisker bortom Europas kontroll\u201d. <\/p>\n<p>Omni \u00e4r politiskt obundna och oberoende. Vi str\u00e4var efter att ge fler perspektiv p\u00e5 nyheterna. Har du fr\u00e5gor eller synpunkter kring v\u00e5r rapportering? <a href=\"https:\/\/omni.se\/ekonomer-till-eu-digital-euro-enda-forsvaret-mot-usa\/a\/mailto:redaktion@omni.se\" class=\"ArticleActions_contactLink__W2F1M\" rel=\"nofollow noopener\" target=\"_blank\">Kontakta redaktionen<\/a><\/p>\n","protected":false},"excerpt":{"rendered":"\u00d6ver 60 ekonomer uppmanar EU att g\u00e5 vidare med en digital euro. Om projektet fallerar riskerar Europa att&hellip;\n","protected":false},"author":2,"featured_media":132094,"comment_status":"","ping_status":"","sticky":false,"template":"","format":"standard","meta":{"footnotes":""},"categories":[65],"tags":[338,72,3193,70,71,267,3194,339,325,34,31,33,32,30,74],"class_list":{"0":"post-132093","1":"post","2":"type-post","3":"status-publish","4":"format-standard","5":"has-post-thumbnail","7":"category-ekonomi","8":"tag-bank","9":"tag-business","10":"tag-ecb","11":"tag-economy","12":"tag-ekonomi","13":"tag-europa","14":"tag-europeiska-centralbanken","15":"tag-finans-forsakring","16":"tag-penningpolitik","17":"tag-se","18":"tag-svenska","19":"tag-sverige","20":"tag-sweden","21":"tag-swedish","22":"tag-usa"},"share_on_mastodon":{"url":"https:\/\/pubeurope.com\/@se\/115875466669484039","error":""},"_links":{"self":[{"href":"https:\/\/www.europesays.com\/se\/wp-json\/wp\/v2\/posts\/132093","targetHints":{"allow":["GET"]}}],"collection":[{"href":"https:\/\/www.europesays.com\/se\/wp-json\/wp\/v2\/posts"}],"about":[{"href":"https:\/\/www.europesays.com\/se\/wp-json\/wp\/v2\/types\/post"}],"author":[{"embeddable":true,"href":"https:\/\/www.europesays.com\/se\/wp-json\/wp\/v2\/users\/2"}],"replies":[{"embeddable":true,"href":"https:\/\/www.europesays.com\/se\/wp-json\/wp\/v2\/comments?post=132093"}],"version-history":[{"count":0,"href":"https:\/\/www.europesays.com\/se\/wp-json\/wp\/v2\/posts\/132093\/revisions"}],"wp:featuredmedia":[{"embeddable":true,"href":"https:\/\/www.europesays.com\/se\/wp-json\/wp\/v2\/media\/132094"}],"wp:attachment":[{"href":"https:\/\/www.europesays.com\/se\/wp-json\/wp\/v2\/media?parent=132093"}],"wp:term":[{"taxonomy":"category","embeddable":true,"href":"https:\/\/www.europesays.com\/se\/wp-json\/wp\/v2\/categories?post=132093"},{"taxonomy":"post_tag","embeddable":true,"href":"https:\/\/www.europesays.com\/se\/wp-json\/wp\/v2\/tags?post=132093"}],"curies":[{"name":"wp","href":"https:\/\/api.w.org\/{rel}","templated":true}]}}