{"id":132099,"date":"2026-01-11T08:19:08","date_gmt":"2026-01-11T08:19:08","guid":{"rendered":"https:\/\/www.europesays.com\/se\/132099\/"},"modified":"2026-01-11T08:19:08","modified_gmt":"2026-01-11T08:19:08","slug":"tv4-doktorn-jesper-salen-ville-inte-leva-vandningen","status":"publish","type":"post","link":"https:\/\/www.europesays.com\/se\/132099\/","title":{"rendered":"TV4-doktorn Jesper Sal\u00e9n ville inte leva \u2013 v\u00e4ndningen"},"content":{"rendered":"<p>Publicerad 11 jan 2026 kl 09.00<\/p>\n<p>Tv-doktorn Jesper Sal\u00e9n m\u00e5dde s\u00e5 d\u00e5ligt att han inte ville leva.<\/p>\n<p>D\u00e5 tr\u00e4ffade han en l\u00e4kare som f\u00f6r\u00e4ndrade allt.<\/p>\n<p>\u2013 Pl\u00f6tsligt fick jag hopp om att livet kan se annorlunda ut, s\u00e4ger han i <a href=\"https:\/\/www.sverigesradio.se\/morgonpassetip3\" rel=\"nofollow noopener\" target=\"_blank\">\u201dMorgonpasset\u201d<\/a> i P3.<\/p>\n<p><img   alt=\"\"\/><\/p>\n<p>Jesper Sal\u00e9n i TV4.<\/p>\n<p>Foto: TV4<\/p>\n<p>\u00d6ppna bild i helsk\u00e4rm<img loading=\"lazy\"   alt=\"\"\/><\/p>\n<p>H\u00e4r i \u201dK\u00e5disbellan\u201d som barnsk\u00e5despelare.<\/p>\n<p>Foto: Roger Tillberg \/ IBL<\/p>\n<p>\u00d6ppna bild i helsk\u00e4rm<img loading=\"lazy\"   alt=\"\"\/><\/p>\n<p>Jesper Sal\u00e9n med Christian Fandango p\u00e5 r\u00f6da mattan.<\/p>\n<p>Foto: Karin T\u00f6rnblom\/TT<\/p>\n<p>\u00d6ppna bild i helsk\u00e4rm<img loading=\"lazy\"   alt=\"\"\/><\/p>\n<p>Jesper Sal\u00e9n i \u201dStrandvaskaren\u201d.<\/p>\n<p>Foto: FILMBOLAG COLUMBIA TRISTAR<\/p>\n<p>\u00d6ppna bild i helsk\u00e4rm<\/p>\n<p>Jesper Sal\u00e9n slog igenom som sk\u00e5despelare redan i ton\u00e5ren, genom sin roll i klassikern \u201dK\u00e5disbellan\u201d med bland andra <a href=\"https:\/\/www.expressen.se\/tagg\/person\/stellan-skarsgard\/\" class=\"\" rel=\"nofollow noopener\" target=\"_blank\">Stellan Skarsg\u00e5rd<\/a>.<\/p>\n<p>Karri\u00e4ren fortsatte med roller i bland annat \u201dSk\u00e4rg\u00e5rdsdoktorn\u201d, \u201dVita l\u00f6gner\u201d och 2003 \u00e5rs filmatisering av Jan Guillous \u201dOndskan\u201d.<\/p>\n<p><img loading=\"lazy\"   alt=\"\"\/><\/p>\n<p>Jesper Sal\u00e9n och Stellan Skarsg\u00e5rd i \u201dK\u00e5disbellan\u201d.<\/p>\n<p>Foto: Roger Tillberg\/TT<\/p>\n<p>\u00d6ppna bild i helsk\u00e4rm<\/p>\n<p>I samma veva, kring 25-strecket, b\u00f6rjade Jesper Sal\u00e9n m\u00e5 riktigt d\u00e5ligt.<\/p>\n<p>\u2013 Jag m\u00e5dde inte s\u00e5 bra. Sen m\u00e5dde jag s\u00e5 pass d\u00e5ligt att jag beh\u00f6vde s\u00f6ka v\u00e5rd, sj\u00e4lsligt. D\u00e5 tr\u00e4ffade jag en s\u00e5 underbar l\u00e4kare som inspirerade mig. Dels r\u00e4ddade livet p\u00e5 mig men ocks\u00e5 satte n\u00e5got fr\u00f6, s\u00e4ger Jesper Sal\u00e9n i \u201dMorgonpasset\u201d.<\/p>\n<p>M\u00e5r du d\u00e5ligt? Hit kan du v\u00e4nda dig<\/p>\n<p>\u00c4r du n\u00e4rst\u00e5ende: Ta alltid sj\u00e4lvmordstankar eller planer p\u00e5 allvar. Bevara lugnet, men vidta \u00e5tg\u00e4rder.<\/p>\n<p>Prata och v\u00e5ga lyssna. Uttryck din oro och st\u00e4ll fr\u00e5gor. Ge konkreta exempel p\u00e5 varf\u00f6r du tror att det finns en sj\u00e4lvmordsrisk. Visa empati och d\u00f6m aldrig. Men vidh\u00e5ll att alla har ett eget ansvar f\u00f6r sina handlingar.<\/p>\n<p>En sj\u00e4lvmordsn\u00e4ra person beh\u00f6ver tr\u00e4ffa n\u00e5gon fr\u00e5n psykiatrin p\u00e5 en g\u00e5ng. Ring 112 eller \u00e5k till en akutmottagning. Om m\u00f6jligt \u2013 l\u00e4mna inte personen ensam.<\/p>\n<p>Sj\u00e4lvmord \u00e4r ofta impulshandlingar. Sj\u00e4lvmordsn\u00e4ra m\u00e4nniskor \u00e4r ofta ambivalenta in i det sista. Det g\u00e5r att p\u00e5verka dem. Betona att det g\u00e5r att f\u00e5 hj\u00e4lp och att saker och ting kommer att bli b\u00e4ttre.<\/p>\n<p>Ring alltid 112 om l\u00e4get \u00e4r akut.<\/p>\n<p>Bris vuxentelefon: 077-150 50 50.<\/p>\n<p>Bris \u2013 Barnens hj\u00e4lptelefon Tel: 116 111.<\/p>\n<p>www.bris.se<\/p>\n<p>Sj\u00e4lvmordslinjen: 90 101, chatt.mind.se.<\/p>\n<p>Jourhavande pr\u00e4st: N\u00e5s via 112.<\/p>\n<p>F\u00f6r\u00e4ldratelefon: 020-85 20 00.<\/p>\n<p>Jourhavande kompis: 020-22 24 44.<\/p>\n<p>Spes (Riksf\u00f6rbundet f\u00f6r suicidprevention och efterlevandes st\u00f6d): spes.nu.<\/p>\n<p>Telefonjouren: 020-18 18 00.<\/p>\n<p>Jourhavande medm\u00e4nniska: 08 \u2013 702 16 80<\/p>\n<p>K\u00e4llor: mind.se och www.spesistockholm.se<\/p>\n<p>Visa mer<\/p>\n<p>Han f\u00e5r fr\u00e5gan om han var p\u00e5 en s\u00e5 m\u00f6rk plats att han inte ville leva.<\/p>\n<p>\u2013 Precis, precis.<\/p>\n<p>M\u00f6tet med l\u00e4karen i fr\u00e5ga ledde dels till en l\u00e5ng men framg\u00e5ngsrik behandling inom psykiatrin och dels till att Jesper sj\u00e4lv b\u00f6rjade intressera sig f\u00f6r l\u00e4karyrket. Han l\u00e4ste upp sina betyg p\u00e5 komvux, gjorde h\u00f6gskoleprovet och \u00e4r i dag l\u00e4kare.<\/p>\n<p>Vikarierade f\u00f6r \u201dSoldoktorn\u201d<\/p>\n<p>I somras var han TV4:s tv-doktor n\u00e4r Mikael \u201dSoldoktorn\u201d Sandstr\u00f6m hade semester.<\/p>\n<p>Han ger ocks\u00e5 f\u00f6rel\u00e4sningar.<\/p>\n<p>Till Expressen s\u00e4ger han:<\/p>\n<p>\u2013 Jag f\u00f6rel\u00e4ser om stress, det \u00e4r grunden. Jag inleder med min egen livsresa. Hur man, med olika f\u00f6ruts\u00e4ttningar fr\u00e5n barndom, uppv\u00e4xt och ton\u00e5r, kan ha utmaningar. Sen handlar det om hur man tar sig vidare och skapar ett stabilt m\u00e5ende och sj\u00e4lvk\u00e4nsla.<\/p>\n","protected":false},"excerpt":{"rendered":"Publicerad 11 jan 2026 kl 09.00 Tv-doktorn Jesper Sal\u00e9n m\u00e5dde s\u00e5 d\u00e5ligt att han inte ville leva. D\u00e5&hellip;\n","protected":false},"author":2,"featured_media":132100,"comment_status":"","ping_status":"","sticky":false,"template":"","format":"standard","meta":{"footnotes":""},"categories":[67],"tags":[104,2412,384,4055,34,31,33,32,30,109,105],"class_list":{"0":"post-132099","1":"post","2":"type-post","3":"status-publish","4":"format-standard","5":"has-post-thumbnail","7":"category-underhallning","8":"tag-entertainment","9":"tag-organization-p3","10":"tag-organization-tv4","11":"tag-person-stellan-skarsgard","12":"tag-se","13":"tag-svenska","14":"tag-sverige","15":"tag-sweden","16":"tag-swedish","17":"tag-topic-skadespelare","18":"tag-underhallning"},"share_on_mastodon":{"url":"https:\/\/pubeurope.com\/@se\/115875490238021697","error":""},"_links":{"self":[{"href":"https:\/\/www.europesays.com\/se\/wp-json\/wp\/v2\/posts\/132099","targetHints":{"allow":["GET"]}}],"collection":[{"href":"https:\/\/www.europesays.com\/se\/wp-json\/wp\/v2\/posts"}],"about":[{"href":"https:\/\/www.europesays.com\/se\/wp-json\/wp\/v2\/types\/post"}],"author":[{"embeddable":true,"href":"https:\/\/www.europesays.com\/se\/wp-json\/wp\/v2\/users\/2"}],"replies":[{"embeddable":true,"href":"https:\/\/www.europesays.com\/se\/wp-json\/wp\/v2\/comments?post=132099"}],"version-history":[{"count":0,"href":"https:\/\/www.europesays.com\/se\/wp-json\/wp\/v2\/posts\/132099\/revisions"}],"wp:featuredmedia":[{"embeddable":true,"href":"https:\/\/www.europesays.com\/se\/wp-json\/wp\/v2\/media\/132100"}],"wp:attachment":[{"href":"https:\/\/www.europesays.com\/se\/wp-json\/wp\/v2\/media?parent=132099"}],"wp:term":[{"taxonomy":"category","embeddable":true,"href":"https:\/\/www.europesays.com\/se\/wp-json\/wp\/v2\/categories?post=132099"},{"taxonomy":"post_tag","embeddable":true,"href":"https:\/\/www.europesays.com\/se\/wp-json\/wp\/v2\/tags?post=132099"}],"curies":[{"name":"wp","href":"https:\/\/api.w.org\/{rel}","templated":true}]}}