{"id":132101,"date":"2026-01-11T08:22:06","date_gmt":"2026-01-11T08:22:06","guid":{"rendered":"https:\/\/www.europesays.com\/se\/132101\/"},"modified":"2026-01-11T08:22:06","modified_gmt":"2026-01-11T08:22:06","slug":"11-januari-07-53-sammanfattning-natt-jonkopings-lan","status":"publish","type":"post","link":"https:\/\/www.europesays.com\/se\/132101\/","title":{"rendered":"11 januari 07.53, Sammanfattning natt, J\u00f6nk\u00f6pings l\u00e4n"},"content":{"rendered":"<p>Polisens regionledningscentral har mellan klockan 22.00-07.00 hanterat ett 80-tal \u00e4renden som r\u00f6r J\u00f6nk\u00f6pings l\u00e4n.<\/p>\n<p><strong>Huskvarna \u2013 grovt r\u00e5n\/f\u00f6rs\u00f6k till grov v\u00e5ldt\u00e4kt:\u00a0<\/strong><br \/>Vid 01-tiden i natt larmades polisen till en adress i Huskvarna efter ett r\u00e5n i en bostad.<\/p>\n<p>En eller flera g\u00e4rningspersoner har tvingat sig in i en bostad d\u00e4r en kvinna i 85-\u00e5rs\u00e5ldern befunnit sig. G\u00e4rningspersonerna har sedan tillgripit v\u00e4rdesaker och avvikit fr\u00e5n platsen. R\u00e4ttsl\u00e4get \u00e4r grovt r\u00e5n, men i nul\u00e4get kommenteras inte vad g\u00e4rningspersonerna tillgripit.\u00a0<\/p>\n<p>Efter informationsinh\u00e4mtning uppr\u00e4ttas ocks\u00e5 en anm\u00e4lan om f\u00f6rs\u00f6k till grov v\u00e5ldt\u00e4kt. Kvinnan har unders\u00f6kts av ambulans och har inga allvarliga fysiska skador.\u00a0<\/p>\n<p>Ett stort antal poliser har arbetat i Huskvarna med omnejd f\u00f6r att finna g\u00e4rningspersonen\/personerna. I nul\u00e4get \u00e4r ingen gripen eller misst\u00e4nkt.\u00a0<br \/>Polisen har varit p\u00e5 plats f\u00f6r att genomf\u00f6ra f\u00f6rh\u00f6r och sp\u00e5rs\u00e4kring. En fullst\u00e4ndig teknisk unders\u00f6kning av bostaden kommer g\u00f6ras under s\u00f6ndagen.<br \/>Har du sett n\u00e5gonting avvikande i Huskvarnaomr\u00e5det under natten? Tveka inte att ringa polisen p\u00e5 11414 och ber\u00e4tta om dina iakttagelser.<\/p>\n<p>Sedan tidigare har tre liknande \u00e4renden intr\u00e4ffat i Huskvarnaomr\u00e5det, d\u00e4r \u00e4ldre personer drabbats. Vi uppmanar allm\u00e4nheten till att vara vaksam, och att v\u00e5ga ringa 112 om n\u00e5got intr\u00e4ffar.\u00a0<\/p>\n<p><strong>Ut\u00f6ver denna h\u00e4ndelse har inga grova brott kommit till polisens k\u00e4nnedom.\u00a0<\/strong><br \/>00.25 larmas SOS om en brand i en container p\u00e5 \u00d6stan\u00e5v\u00e4gen i Vetlanda. R\u00e4ddningstj\u00e4nsten har sl\u00e4ckt branden och polis har uppr\u00e4ttat en anm\u00e4lan om skadeg\u00f6relse. I nul\u00e4get finns ingen misst\u00e4nkt.\u00a0<\/p>\n","protected":false},"excerpt":{"rendered":"Polisens regionledningscentral har mellan klockan 22.00-07.00 hanterat ett 80-tal \u00e4renden som r\u00f6r J\u00f6nk\u00f6pings l\u00e4n. Huskvarna \u2013 grovt r\u00e5n\/f\u00f6rs\u00f6k&hellip;\n","protected":false},"author":2,"featured_media":54,"comment_status":"","ping_status":"","sticky":false,"template":"","format":"standard","meta":{"footnotes":""},"categories":[14],"tags":[22,23,26,27,17,21,24,25,28,29,15,16,18,34,31,33,32,30,19,20,51,52,53,54],"class_list":{"0":"post-132101","1":"post","2":"type-post","3":"status-publish","4":"format-standard","5":"has-post-thumbnail","7":"category-varlden","8":"tag-breaking-news","9":"tag-breakingnews","10":"tag-featured-news","11":"tag-featurednews","12":"tag-headlines","13":"tag-huvudnyheter","14":"tag-latest-news","15":"tag-latestnews","16":"tag-main-news","17":"tag-mainnews","18":"tag-news","19":"tag-nyheter","20":"tag-rubriker","21":"tag-se","22":"tag-svenska","23":"tag-sverige","24":"tag-sweden","25":"tag-swedish","26":"tag-top-stories","27":"tag-topstories","28":"tag-varlden","29":"tag-world","30":"tag-world-news","31":"tag-worldnews"},"share_on_mastodon":{"url":"https:\/\/pubeurope.com\/@se\/115875502007951297","error":""},"_links":{"self":[{"href":"https:\/\/www.europesays.com\/se\/wp-json\/wp\/v2\/posts\/132101","targetHints":{"allow":["GET"]}}],"collection":[{"href":"https:\/\/www.europesays.com\/se\/wp-json\/wp\/v2\/posts"}],"about":[{"href":"https:\/\/www.europesays.com\/se\/wp-json\/wp\/v2\/types\/post"}],"author":[{"embeddable":true,"href":"https:\/\/www.europesays.com\/se\/wp-json\/wp\/v2\/users\/2"}],"replies":[{"embeddable":true,"href":"https:\/\/www.europesays.com\/se\/wp-json\/wp\/v2\/comments?post=132101"}],"version-history":[{"count":0,"href":"https:\/\/www.europesays.com\/se\/wp-json\/wp\/v2\/posts\/132101\/revisions"}],"wp:featuredmedia":[{"embeddable":true,"href":"https:\/\/www.europesays.com\/se\/wp-json\/wp\/v2\/media\/54"}],"wp:attachment":[{"href":"https:\/\/www.europesays.com\/se\/wp-json\/wp\/v2\/media?parent=132101"}],"wp:term":[{"taxonomy":"category","embeddable":true,"href":"https:\/\/www.europesays.com\/se\/wp-json\/wp\/v2\/categories?post=132101"},{"taxonomy":"post_tag","embeddable":true,"href":"https:\/\/www.europesays.com\/se\/wp-json\/wp\/v2\/tags?post=132101"}],"curies":[{"name":"wp","href":"https:\/\/api.w.org\/{rel}","templated":true}]}}