{"id":132102,"date":"2026-01-11T08:31:06","date_gmt":"2026-01-11T08:31:06","guid":{"rendered":"https:\/\/www.europesays.com\/se\/132102\/"},"modified":"2026-01-11T08:31:06","modified_gmt":"2026-01-11T08:31:06","slug":"polisen-soker-misstankta-efter-brutalt-inbrott-i-huskvarna","status":"publish","type":"post","link":"https:\/\/www.europesays.com\/se\/132102\/","title":{"rendered":"Polisen s\u00f6ker misst\u00e4nkta efter brutalt inbrott i Huskvarna"},"content":{"rendered":"<p>Polisen larmades till en adress i Huskvarna vid 01-tiden natten mot s\u00f6ndag och nu utreds grovt r\u00e5n efter att v\u00e4rdesaker har stulits. Det finns ocks\u00e5 en anm\u00e4lan om f\u00f6rs\u00f6k till grov v\u00e5ldt\u00e4kt. Kvinnan har unders\u00f6kts av ambulans och har inga allvarliga fysiska skador. <\/p>\n<p>Ett stort antal poliser har arbetat i Huskvarna med omnejd f\u00f6r att hitta den eller de skyldiga. I nul\u00e4get \u00e4r ingen person gripen eller misst\u00e4nkt. En fullst\u00e4ndig teknisk unders\u00f6kning av bostaden kommer att genomf\u00f6ras under s\u00f6ndagen.<\/p>\n<p>Tidigare har tre liknande h\u00e4ndelser intr\u00e4ffat i Huskvarnaomr\u00e5det, d\u00e4r \u00e4ldre personer har drabbats. Polisen uppmanar allm\u00e4nheten att vara vaksam.<\/p>\n","protected":false},"excerpt":{"rendered":"Polisen larmades till en adress i Huskvarna vid 01-tiden natten mot s\u00f6ndag och nu utreds grovt r\u00e5n efter&hellip;\n","protected":false},"author":2,"featured_media":793,"comment_status":"","ping_status":"","sticky":false,"template":"","format":"standard","meta":{"footnotes":""},"categories":[14],"tags":[22,23,26,27,17,21,24,25,28,29,15,16,18,34,31,33,32,30,19,20,51,52,53,54],"class_list":{"0":"post-132102","1":"post","2":"type-post","3":"status-publish","4":"format-standard","5":"has-post-thumbnail","7":"category-varlden","8":"tag-breaking-news","9":"tag-breakingnews","10":"tag-featured-news","11":"tag-featurednews","12":"tag-headlines","13":"tag-huvudnyheter","14":"tag-latest-news","15":"tag-latestnews","16":"tag-main-news","17":"tag-mainnews","18":"tag-news","19":"tag-nyheter","20":"tag-rubriker","21":"tag-se","22":"tag-svenska","23":"tag-sverige","24":"tag-sweden","25":"tag-swedish","26":"tag-top-stories","27":"tag-topstories","28":"tag-varlden","29":"tag-world","30":"tag-world-news","31":"tag-worldnews"},"share_on_mastodon":{"url":"https:\/\/pubeurope.com\/@se\/115875537381355177","error":""},"_links":{"self":[{"href":"https:\/\/www.europesays.com\/se\/wp-json\/wp\/v2\/posts\/132102","targetHints":{"allow":["GET"]}}],"collection":[{"href":"https:\/\/www.europesays.com\/se\/wp-json\/wp\/v2\/posts"}],"about":[{"href":"https:\/\/www.europesays.com\/se\/wp-json\/wp\/v2\/types\/post"}],"author":[{"embeddable":true,"href":"https:\/\/www.europesays.com\/se\/wp-json\/wp\/v2\/users\/2"}],"replies":[{"embeddable":true,"href":"https:\/\/www.europesays.com\/se\/wp-json\/wp\/v2\/comments?post=132102"}],"version-history":[{"count":0,"href":"https:\/\/www.europesays.com\/se\/wp-json\/wp\/v2\/posts\/132102\/revisions"}],"wp:featuredmedia":[{"embeddable":true,"href":"https:\/\/www.europesays.com\/se\/wp-json\/wp\/v2\/media\/793"}],"wp:attachment":[{"href":"https:\/\/www.europesays.com\/se\/wp-json\/wp\/v2\/media?parent=132102"}],"wp:term":[{"taxonomy":"category","embeddable":true,"href":"https:\/\/www.europesays.com\/se\/wp-json\/wp\/v2\/categories?post=132102"},{"taxonomy":"post_tag","embeddable":true,"href":"https:\/\/www.europesays.com\/se\/wp-json\/wp\/v2\/tags?post=132102"}],"curies":[{"name":"wp","href":"https:\/\/api.w.org\/{rel}","templated":true}]}}