{"id":132105,"date":"2026-01-11T08:56:17","date_gmt":"2026-01-11T08:56:17","guid":{"rendered":"https:\/\/www.europesays.com\/se\/132105\/"},"modified":"2026-01-11T08:56:17","modified_gmt":"2026-01-11T08:56:17","slug":"hisingsbron-fastnade-i-oppet-lage","status":"publish","type":"post","link":"https:\/\/www.europesays.com\/se\/132105\/","title":{"rendered":"Hisingsbron fastnade i \u00f6ppet l\u00e4ge"},"content":{"rendered":"<p class=\"boxtextgrotesk-root_baa6 hyperion-css-7pajle\">Uppdaterad 09.09 | Publicerad 07.26<\/p>\n<p>share-arrowDela<\/p>\n<p>unsaveSpara<\/p>\n<p>expand-left<\/p>\n<p>helsk\u00e4rm<img decoding=\"async\" class=\"image-asset hyperion-css-u06ts1\" data-test-tag=\"image-asset\" src=\"https:\/\/www.europesays.com\/se\/wp-content\/uploads\/2026\/01\/7619dc09-432f-49b9-a456-91b399f8bf1b.jpeg\"  alt=\"Hisingsbron \u00f6ver G\u00f6ta \u00e4lv i G\u00f6teborg har fastnat. Arkivbild.\"  loading=\"eager\" fetchpriority=\"high\" style=\"aspect-ratio:1900 \/ 1267\"\/>Hisingsbron \u00f6ver G\u00f6ta \u00e4lv i G\u00f6teborg har fastnat. Arkivbild. Foto: Adam Ihse\/TT<\/p>\n<p class=\"hyperion-css-1shl3oz\" data-test-tag=\"lead-text\">Hisingsbron i G\u00f6teborg fastnade p\u00e5 s\u00f6ndagsmorgonen i \u00f6ppet l\u00e4ge och ingen trafik kunde passera.<\/p>\n<p class=\"hyperion-css-1v9qo5x\">Senare under morgonen meddelade V\u00e4sttrafik att bron g\u00e5tt ner, men att bommarna har fastnat, rapporterar GP.<\/p>\n<p class=\"hyperion-css-1v9qo5x\">Vid 9-tiden var dock alla problem l\u00f6sta och trafiken \u00f6ver bron kunde \u00e5terupptas.<\/p>\n<p class=\"hyperion-css-1v9qo5x\">Hisingsbron har \u00e4ven vid tidigare tillf\u00e4llen fastnat p\u00e5 grund av kyla. I februari f\u00f6rra \u00e5ret stod bron i uppf\u00e4llt l\u00e4ge i elva timmar, enligt GP.<\/p>\n","protected":false},"excerpt":{"rendered":"Uppdaterad 09.09 | Publicerad 07.26 share-arrowDela unsaveSpara expand-left helsk\u00e4rmHisingsbron \u00f6ver G\u00f6ta \u00e4lv i G\u00f6teborg har fastnat. Arkivbild. Foto:&hellip;\n","protected":false},"author":2,"featured_media":132106,"comment_status":"","ping_status":"","sticky":false,"template":"","format":"standard","meta":{"footnotes":""},"categories":[14],"tags":[22,23,26,27,17,21,24,25,28,29,15,16,18,34,31,33,32,30,19,20,51,52,53,54],"class_list":{"0":"post-132105","1":"post","2":"type-post","3":"status-publish","4":"format-standard","5":"has-post-thumbnail","7":"category-varlden","8":"tag-breaking-news","9":"tag-breakingnews","10":"tag-featured-news","11":"tag-featurednews","12":"tag-headlines","13":"tag-huvudnyheter","14":"tag-latest-news","15":"tag-latestnews","16":"tag-main-news","17":"tag-mainnews","18":"tag-news","19":"tag-nyheter","20":"tag-rubriker","21":"tag-se","22":"tag-svenska","23":"tag-sverige","24":"tag-sweden","25":"tag-swedish","26":"tag-top-stories","27":"tag-topstories","28":"tag-varlden","29":"tag-world","30":"tag-world-news","31":"tag-worldnews"},"share_on_mastodon":{"url":"https:\/\/pubeurope.com\/@se\/115875635676853358","error":""},"_links":{"self":[{"href":"https:\/\/www.europesays.com\/se\/wp-json\/wp\/v2\/posts\/132105","targetHints":{"allow":["GET"]}}],"collection":[{"href":"https:\/\/www.europesays.com\/se\/wp-json\/wp\/v2\/posts"}],"about":[{"href":"https:\/\/www.europesays.com\/se\/wp-json\/wp\/v2\/types\/post"}],"author":[{"embeddable":true,"href":"https:\/\/www.europesays.com\/se\/wp-json\/wp\/v2\/users\/2"}],"replies":[{"embeddable":true,"href":"https:\/\/www.europesays.com\/se\/wp-json\/wp\/v2\/comments?post=132105"}],"version-history":[{"count":0,"href":"https:\/\/www.europesays.com\/se\/wp-json\/wp\/v2\/posts\/132105\/revisions"}],"wp:featuredmedia":[{"embeddable":true,"href":"https:\/\/www.europesays.com\/se\/wp-json\/wp\/v2\/media\/132106"}],"wp:attachment":[{"href":"https:\/\/www.europesays.com\/se\/wp-json\/wp\/v2\/media?parent=132105"}],"wp:term":[{"taxonomy":"category","embeddable":true,"href":"https:\/\/www.europesays.com\/se\/wp-json\/wp\/v2\/categories?post=132105"},{"taxonomy":"post_tag","embeddable":true,"href":"https:\/\/www.europesays.com\/se\/wp-json\/wp\/v2\/tags?post=132105"}],"curies":[{"name":"wp","href":"https:\/\/api.w.org\/{rel}","templated":true}]}}