{"id":132108,"date":"2026-01-11T09:13:27","date_gmt":"2026-01-11T09:13:27","guid":{"rendered":"https:\/\/www.europesays.com\/se\/132108\/"},"modified":"2026-01-11T09:13:27","modified_gmt":"2026-01-11T09:13:27","slug":"ministern-kriget-pa-sociala-medier-hotar-demokratin-och-jamstalldheten","status":"publish","type":"post","link":"https:\/\/www.europesays.com\/se\/132108\/","title":{"rendered":"Ministern: Kriget p\u00e5 sociala medier hotar demokratin och j\u00e4mst\u00e4lldheten"},"content":{"rendered":"<p>Vi lever i en tid d\u00e4r hotet mot v\u00e5r demokrati och v\u00e5ra j\u00e4mst\u00e4lldhetsv\u00e4rderingar inte enbart kommer av milit\u00e4r invasion och \u00f6ppen konflikt. I st\u00e4llet befinner vi oss i en m\u00e5ngfacetterad hotbild d\u00e4r det som h\u00e4nder inom informationsdom\u00e4nen p\u00e5verkar oss avsev\u00e4rt, f\u00f6rmodligen l\u00e5ngt mer \u00e4n vi befarar.<\/p>\n<p>Det digitala slagf\u00e4ltet<\/p>\n<p>Sociala medier-fl\u00f6den styrs av algoritmer som fr\u00e4mjar extremistiskt inneh\u00e5ll och anv\u00e4nds \u00e4ven f\u00f6r systematisk och omfattande spridning av desinformation. Precis f\u00f6re jul\u00a0<a href=\"https:\/\/www.bbc.com\/news\/articles\/cgqzed1vjw5o\" target=\"_blank\" rel=\"noopener nofollow\">varnade chefen f\u00f6r den brittiska underr\u00e4ttelsetj\u00e4nsten MI6<\/a>\u00a0f\u00f6r att vi befinner oss i ett gr\u00e4nsland mellan fred och krig \u2013 d\u00e4r information anv\u00e4nds som vapen f\u00f6r att splittra samh\u00e4llen, underminera tillit och p\u00e5verka demokratiska processer. Informationsmilj\u00f6ns betydelse f\u00f6r j\u00e4mst\u00e4lldheten var ocks\u00e5 n\u00e5got jag p\u00e5talade\u00a0<a href=\"https:\/\/www.aftonbladet.se\/nyheter\/a\/nyK6Xa\/nya-ministern-nina-larsson-om-synen-pa-soft-girls\" target=\"_blank\" rel=\"noopener nofollow\">redan dagen jag tilltr\u00e4dde som minister<\/a>.\u00a0<\/p>\n<p>\u00c4ven Sveriges statsminister, och flera med honom, har uttryckt allvaret. Sverige befinner sig i ett gr\u00e4nsland d\u00e4r det inte \u00e4r krig, men inte heller fred. Det \u00e4r en verklighet som ocks\u00e5 fler \u00e4n f\u00f6rsvarsakt\u00f6rer m\u00e5ste f\u00f6rh\u00e5lla sig till.<\/p>\n<blockquote class=\"quote right\"><p>&#13;<\/p>\n<p>K\u00f6nsbaserad desinformation, sexuella trakasserier, hot, hat och sexuell exploatering \u00e4r inte isolerade f\u00f6reteelser<\/p>\n<p>&#13;<br \/>\n  <b\/>&#13;\n<\/p><\/blockquote>\n<p>I dag \u00e4r det uppenbart att de stora techbolagen och deras plattformar inte l\u00e4ngre enbart \u00e4r neutrala kanaler f\u00f6r kommunikation. Deras aff\u00e4rsmodeller premierar ofta det mest polariserande och extrema inneh\u00e5llet, eftersom det driver klick och annonsint\u00e4kter. Resultatet blir att desinformation, hat och extremism sprids snabbare \u00e4n fakta, ansvar och eftertanke.\u00a0<\/p>\n<p>Kvinnor under attack<\/p>\n<p>Som liberal feminist ser jag hur denna utveckling sl\u00e5r s\u00e4rskilt h\u00e5rt mot kvinnor och flickor. K\u00f6nsbaserad desinformation, sexuella trakasserier, hot, hat och sexuell exploatering \u00e4r inte isolerade f\u00f6reteelser \u2013 de \u00e4r en del av ett st\u00f6rre system d\u00e4r kvinnors r\u00f6ster tystas och deras deltagande i det offentliga samtalet begr\u00e4nsas. Nu senast uppm\u00e4rksammat inte minst med den helt oacceptabla AI-f\u00f6rvridningen av Ebba Busch p\u00e5 plattformen X i syfte att f\u00f6rminska Sveriges vice statsminister.<\/p>\n<p>Sociala medieplattformar blir resurseffektiva verktyg f\u00f6r de som vill underminera och splittra v\u00e5rt samh\u00e4lle genom att rikta in sig mot halva befolkningen. N\u00e4r kvinnor pressas bort fr\u00e5n samh\u00e4llsdebatten f\u00f6rsvagas b\u00e5de j\u00e4mst\u00e4lldheten och demokratin.\u00a0<\/p>\n<p>D\u00e4rf\u00f6r m\u00e5ste techbolagen ta ett betydligt st\u00f6rre ansvar \u00e4n i dag. Techbolag som tj\u00e4nar miljardbelopp p\u00e5 anv\u00e4ndarnas tid och data har ocks\u00e5 ett ansvar att skydda dem \u2013 s\u00e4rskilt barn och unga \u2013 fr\u00e5n grooming, sexualiserat v\u00e5ld, utnyttjande, extremistiskt inneh\u00e5ll och organiserad desinformation.<\/p>\n<p>Dags att reglera plattformarna<\/p>\n<p>Techj\u00e4ttarnas rovdrift p\u00e5 n\u00e4tet g\u00f6r att politiken m\u00e5ste ta ett \u00f6kat ansvar f\u00f6r att skydda s\u00e5v\u00e4l individer som v\u00e5r demokrati och v\u00e5r j\u00e4mst\u00e4lldhet. Att i \u00f6kad utstr\u00e4ckning reglera den digitala delen av v\u00e5r v\u00e4rld, som plattformarna och de tj\u00e4nster och verktyg som erbjuds d\u00e4r, \u00e4r uppenbarligen helt n\u00f6dv\u00e4ndigt. Sverige beh\u00f6ver ta ett st\u00f6rre grepp om de h\u00e4r fr\u00e5gorna s\u00e5v\u00e4l nationellt som inom EU.<\/p>\n<p>Med en modig och nyt\u00e4nkande inst\u00e4llning kan vi v\u00e4rna yttrandefriheten samtidigt som vi inte st\u00e5r handfallna inf\u00f6r akt\u00f6rer, aff\u00e4rsmodeller eller inneh\u00e5ll vars syfte eller effekt hotar v\u00e5r demokrati. \u00a0<\/p>\n<blockquote class=\"quote right\"><p>&#13;<\/p>\n<p>Sverige ska vara ett land d\u00e4r teknikutveckling och digital innovation g\u00e5r hand i hand med demokratiska v\u00e4rderingar, j\u00e4mst\u00e4lldhet och individens frihet<\/p>\n<p>&#13;<br \/>\n  <b\/>&#13;\n<\/p><\/blockquote>\n<p>Yttrandefrihet och r\u00e4tt till personlig integritet \u00e4r fullst\u00e4ndigt grundl\u00e4ggande och helt centralt f\u00f6r ett fritt, \u00f6ppet samh\u00e4lle. Men det kan aldrig anv\u00e4ndas som en urs\u00e4kt f\u00f6r att till\u00e5ta systematiskt hat, manipulation eller \u00f6vergrepp. Frihet utan ansvar \u00e4r inte frihet \u2013 det \u00e4r likgiltighet inf\u00f6r maktmissbruk. En likgiltighet som i v\u00e4rsta fall slutar med att yttrandefriheten i f\u00f6rl\u00e4ngningen g\u00e5r f\u00f6rlorad.\u00a0<\/p>\n<p>Demokrati i den digitala eran<\/p>\n<p>Det kr\u00e4vs d\u00e4rf\u00f6r ett bredare politiskt grepp kring den digitala informationsmilj\u00f6n, som exempelvis analyserar m\u00f6jligheten att st\u00e4lla tydligare krav p\u00e5 transparens n\u00e4r det g\u00e4ller plattformarnas algoritmer och vilket ansvar som sociala medieplattformar och videodelningssajter borde ha f\u00f6r viktning av inneh\u00e5ll som sprids i deras kanaler. Men som ocks\u00e5 unders\u00f6ker hur vi b\u00e4ttre kan skydda oss mot k\u00f6nsbaserat hat, hot och desinformation.<\/p>\n<p>N\u00e4r underr\u00e4ttelsetj\u00e4nster s\u00e5 som MI6 varnar f\u00f6r hur information anv\u00e4nds f\u00f6r att destabilisera demokratier, n\u00e4r vi ser snabba v\u00e4rderingsskiften bland unga och n\u00e4r kvinnor dagligen vittnar om hur de tystas p\u00e5 n\u00e4tet \u2013 d\u00e5 \u00e4r det inte business as usual.<\/p>\n<p>Sverige ska vara ett land d\u00e4r teknikutveckling och digital innovation g\u00e5r hand i hand med demokratiska v\u00e4rderingar, j\u00e4mst\u00e4lldhet och individens frihet. F\u00f6r att lyckas med det m\u00e5ste techbolagen ta sitt ansvar \u2013 och politiken ta sitt.<\/p>\n","protected":false},"excerpt":{"rendered":"Vi lever i en tid d\u00e4r hotet mot v\u00e5r demokrati och v\u00e5ra j\u00e4mst\u00e4lldhetsv\u00e4rderingar inte enbart kommer av milit\u00e4r&hellip;\n","protected":false},"author":2,"featured_media":132109,"comment_status":"","ping_status":"","sticky":false,"template":"","format":"standard","meta":{"footnotes":""},"categories":[12],"tags":[22,23,26,27,17,21,24,25,28,29,15,16,18,34,31,33,32,30,19,20],"class_list":{"0":"post-132108","1":"post","2":"type-post","3":"status-publish","4":"format-standard","5":"has-post-thumbnail","7":"category-sverige","8":"tag-breaking-news","9":"tag-breakingnews","10":"tag-featured-news","11":"tag-featurednews","12":"tag-headlines","13":"tag-huvudnyheter","14":"tag-latest-news","15":"tag-latestnews","16":"tag-main-news","17":"tag-mainnews","18":"tag-news","19":"tag-nyheter","20":"tag-rubriker","21":"tag-se","22":"tag-svenska","23":"tag-sverige","24":"tag-sweden","25":"tag-swedish","26":"tag-top-stories","27":"tag-topstories"},"share_on_mastodon":{"url":"https:\/\/pubeurope.com\/@se\/115875702508017939","error":""},"_links":{"self":[{"href":"https:\/\/www.europesays.com\/se\/wp-json\/wp\/v2\/posts\/132108","targetHints":{"allow":["GET"]}}],"collection":[{"href":"https:\/\/www.europesays.com\/se\/wp-json\/wp\/v2\/posts"}],"about":[{"href":"https:\/\/www.europesays.com\/se\/wp-json\/wp\/v2\/types\/post"}],"author":[{"embeddable":true,"href":"https:\/\/www.europesays.com\/se\/wp-json\/wp\/v2\/users\/2"}],"replies":[{"embeddable":true,"href":"https:\/\/www.europesays.com\/se\/wp-json\/wp\/v2\/comments?post=132108"}],"version-history":[{"count":0,"href":"https:\/\/www.europesays.com\/se\/wp-json\/wp\/v2\/posts\/132108\/revisions"}],"wp:featuredmedia":[{"embeddable":true,"href":"https:\/\/www.europesays.com\/se\/wp-json\/wp\/v2\/media\/132109"}],"wp:attachment":[{"href":"https:\/\/www.europesays.com\/se\/wp-json\/wp\/v2\/media?parent=132108"}],"wp:term":[{"taxonomy":"category","embeddable":true,"href":"https:\/\/www.europesays.com\/se\/wp-json\/wp\/v2\/categories?post=132108"},{"taxonomy":"post_tag","embeddable":true,"href":"https:\/\/www.europesays.com\/se\/wp-json\/wp\/v2\/tags?post=132108"}],"curies":[{"name":"wp","href":"https:\/\/api.w.org\/{rel}","templated":true}]}}