{"id":132114,"date":"2026-01-11T09:22:07","date_gmt":"2026-01-11T09:22:07","guid":{"rendered":"https:\/\/www.europesays.com\/se\/132114\/"},"modified":"2026-01-11T09:22:07","modified_gmt":"2026-01-11T09:22:07","slug":"miljardmuseum-lockade-turisterna-till-egypten","status":"publish","type":"post","link":"https:\/\/www.europesays.com\/se\/132114\/","title":{"rendered":"Miljardmuseum lockade turisterna till Egypten"},"content":{"rendered":"<p><strong>Under 2025 hade<\/strong> Marocko 19.8 miljoner bes\u00f6kare, vilket \u00e4r 14 procent fler \u00e4n \u00e5ret innan. Antalet bes\u00f6kare till Egypten \u00f6kade med 21 procent till 19 miljoner.\u00a0<\/p>\n<p>Bakom turistuppg\u00e5ngen till Marocko ligger bland annat nya flygf\u00f6rbindelser med direktflyg till b\u00e5de Kina och USA. Siffrorna fick ocks\u00e5 en skjuts upp\u00e5t av fotbollfans som str\u00f6mmat till f\u00f6r det p\u00e5g\u00e5ende Afrikanska m\u00e4sterskapen som h\u00e5lls i Marocko.\u00a0<\/p>\n<p><strong>Den \u00f6kade turismen <\/strong>till Egypten uppges delvis drivas av intresse f\u00f6r Egyptens nya museum Grand Egyptian Museum, som ligger vid pyramiderna i Giza. Museet invigdes formellt i november 2025. F\u00f6rv\u00e4ntningarna ligger p\u00e5 fem miljoner bes\u00f6kare till museet \u00e5rligen. Museet uppskattas ha kostat runt <a href=\"https:\/\/www.bbc.com\/news\/articles\/ckg4q403rpzoa\" rel=\"nofollow noopener\" target=\"_blank\">1,2 miljarder dollar att bygga<\/a>, motsvarande cirka 11 miljarder kronor.<\/p>\n<p>Egyptens turistminister Sherif Fathi har tidigare uppgivit f\u00f6r lokala medier att m\u00e5let \u00e4r att landet fram till 2031 ska ha 30 miljoner bes\u00f6kare per \u00e5r.\u00a0<\/p>\n","protected":false},"excerpt":{"rendered":"Under 2025 hade Marocko 19.8 miljoner bes\u00f6kare, vilket \u00e4r 14 procent fler \u00e4n \u00e5ret innan. Antalet bes\u00f6kare till&hellip;\n","protected":false},"author":2,"featured_media":132115,"comment_status":"","ping_status":"","sticky":false,"template":"","format":"standard","meta":{"footnotes":""},"categories":[5],"tags":[22,23,26,27,17,21,24,25,28,29,15,16,18,34,31,33,32,30,19,20],"class_list":{"0":"post-132114","1":"post","2":"type-post","3":"status-publish","4":"format-standard","5":"has-post-thumbnail","7":"category-rubriker","8":"tag-breaking-news","9":"tag-breakingnews","10":"tag-featured-news","11":"tag-featurednews","12":"tag-headlines","13":"tag-huvudnyheter","14":"tag-latest-news","15":"tag-latestnews","16":"tag-main-news","17":"tag-mainnews","18":"tag-news","19":"tag-nyheter","20":"tag-rubriker","21":"tag-se","22":"tag-svenska","23":"tag-sverige","24":"tag-sweden","25":"tag-swedish","26":"tag-top-stories","27":"tag-topstories"},"share_on_mastodon":{"url":"https:\/\/pubeurope.com\/@se\/115875737958071520","error":""},"_links":{"self":[{"href":"https:\/\/www.europesays.com\/se\/wp-json\/wp\/v2\/posts\/132114","targetHints":{"allow":["GET"]}}],"collection":[{"href":"https:\/\/www.europesays.com\/se\/wp-json\/wp\/v2\/posts"}],"about":[{"href":"https:\/\/www.europesays.com\/se\/wp-json\/wp\/v2\/types\/post"}],"author":[{"embeddable":true,"href":"https:\/\/www.europesays.com\/se\/wp-json\/wp\/v2\/users\/2"}],"replies":[{"embeddable":true,"href":"https:\/\/www.europesays.com\/se\/wp-json\/wp\/v2\/comments?post=132114"}],"version-history":[{"count":0,"href":"https:\/\/www.europesays.com\/se\/wp-json\/wp\/v2\/posts\/132114\/revisions"}],"wp:featuredmedia":[{"embeddable":true,"href":"https:\/\/www.europesays.com\/se\/wp-json\/wp\/v2\/media\/132115"}],"wp:attachment":[{"href":"https:\/\/www.europesays.com\/se\/wp-json\/wp\/v2\/media?parent=132114"}],"wp:term":[{"taxonomy":"category","embeddable":true,"href":"https:\/\/www.europesays.com\/se\/wp-json\/wp\/v2\/categories?post=132114"},{"taxonomy":"post_tag","embeddable":true,"href":"https:\/\/www.europesays.com\/se\/wp-json\/wp\/v2\/tags?post=132114"}],"curies":[{"name":"wp","href":"https:\/\/api.w.org\/{rel}","templated":true}]}}