{"id":132120,"date":"2026-01-11T09:28:14","date_gmt":"2026-01-11T09:28:14","guid":{"rendered":"https:\/\/www.europesays.com\/se\/132120\/"},"modified":"2026-01-11T09:28:14","modified_gmt":"2026-01-11T09:28:14","slug":"bensinstationer-bombade-i-thailand-svt-nyheter","status":"publish","type":"post","link":"https:\/\/www.europesays.com\/se\/132120\/","title":{"rendered":"Bensinstationer bombade i Thailand | SVT Nyheter"},"content":{"rendered":"<p>Minst fyra personer har skadats i bombattacker mot elva bensinstationer i s\u00f6dra Thailand, uppger landets arm\u00e9 enligt AFP. <\/p>\n<p>Enligt guvern\u00f6ren utf\u00f6rdes d\u00e5den av ett ok\u00e4nt antal m\u00e4n som detonerade bomber vid stationernas br\u00e4nslepumpar. <\/p>\n<p>Angriparna ska ha varit bev\u00e4pnade och i vissa fall ha sagt \u00e5t personalen p\u00e5 bensinstationerna att l\u00e4mna byggnaderna innan explosionerna. <\/p>\n<p>Polisen s\u00e4ger sig inte veta vem som l\u00e5g bakom. Muslimska rebeller har i \u00e5ratal brukat v\u00e5ld i kampen f\u00f6r sj\u00e4lvst\u00e4ndighet. <\/p>\n","protected":false},"excerpt":{"rendered":"Minst fyra personer har skadats i bombattacker mot elva bensinstationer i s\u00f6dra Thailand, uppger landets arm\u00e9 enligt AFP.&hellip;\n","protected":false},"author":2,"featured_media":793,"comment_status":"","ping_status":"","sticky":false,"template":"","format":"standard","meta":{"footnotes":""},"categories":[14],"tags":[22,23,26,27,17,21,24,25,28,29,15,16,18,34,31,33,32,30,19,20,51,52,53,54],"class_list":{"0":"post-132120","1":"post","2":"type-post","3":"status-publish","4":"format-standard","5":"has-post-thumbnail","7":"category-varlden","8":"tag-breaking-news","9":"tag-breakingnews","10":"tag-featured-news","11":"tag-featurednews","12":"tag-headlines","13":"tag-huvudnyheter","14":"tag-latest-news","15":"tag-latestnews","16":"tag-main-news","17":"tag-mainnews","18":"tag-news","19":"tag-nyheter","20":"tag-rubriker","21":"tag-se","22":"tag-svenska","23":"tag-sverige","24":"tag-sweden","25":"tag-swedish","26":"tag-top-stories","27":"tag-topstories","28":"tag-varlden","29":"tag-world","30":"tag-world-news","31":"tag-worldnews"},"share_on_mastodon":{"url":"https:\/\/pubeurope.com\/@se\/115875761615340892","error":""},"_links":{"self":[{"href":"https:\/\/www.europesays.com\/se\/wp-json\/wp\/v2\/posts\/132120","targetHints":{"allow":["GET"]}}],"collection":[{"href":"https:\/\/www.europesays.com\/se\/wp-json\/wp\/v2\/posts"}],"about":[{"href":"https:\/\/www.europesays.com\/se\/wp-json\/wp\/v2\/types\/post"}],"author":[{"embeddable":true,"href":"https:\/\/www.europesays.com\/se\/wp-json\/wp\/v2\/users\/2"}],"replies":[{"embeddable":true,"href":"https:\/\/www.europesays.com\/se\/wp-json\/wp\/v2\/comments?post=132120"}],"version-history":[{"count":0,"href":"https:\/\/www.europesays.com\/se\/wp-json\/wp\/v2\/posts\/132120\/revisions"}],"wp:featuredmedia":[{"embeddable":true,"href":"https:\/\/www.europesays.com\/se\/wp-json\/wp\/v2\/media\/793"}],"wp:attachment":[{"href":"https:\/\/www.europesays.com\/se\/wp-json\/wp\/v2\/media?parent=132120"}],"wp:term":[{"taxonomy":"category","embeddable":true,"href":"https:\/\/www.europesays.com\/se\/wp-json\/wp\/v2\/categories?post=132120"},{"taxonomy":"post_tag","embeddable":true,"href":"https:\/\/www.europesays.com\/se\/wp-json\/wp\/v2\/tags?post=132120"}],"curies":[{"name":"wp","href":"https:\/\/api.w.org\/{rel}","templated":true}]}}