{"id":132121,"date":"2026-01-11T09:29:33","date_gmt":"2026-01-11T09:29:33","guid":{"rendered":"https:\/\/www.europesays.com\/se\/132121\/"},"modified":"2026-01-11T09:29:33","modified_gmt":"2026-01-11T09:29:33","slug":"snon-stangde-flygplatsen-aldrig-varit-med-om-nagot-liknande-tidningen-angermanland-2","status":"publish","type":"post","link":"https:\/\/www.europesays.com\/se\/132121\/","title":{"rendered":"Sn\u00f6n st\u00e4ngde flygplatsen: \u201daldrig varit med om n\u00e5got liknande\u201d &#8211; Tidningen \u00c5ngermanland"},"content":{"rendered":"<ol>\n<li><a href=\"https:\/\/news.google.com\/rss\/articles\/CBMiqAFBVV95cUxPQXZFQlFCRzdfajlFZEU0Y0Z5ZEVNcU5GSHFJc0dnTXd5ekFCSzZjcWNfMTdJbWtUZVp4dE1ncDU1eXVXdzB0ZUZ4X2JURHVKNGxGaXQtTEpXaGlqbm1YQ290Wnl5bHowLXkwamktTm1zUFlVblpzUGVJa0RId1lZSXpqSVBVMk1wdlhIT1ZTTnRTa2NjUXFKX2NDaXZlYmlBdlFmRXhfS1c?oc=5\" target=\"_blank\" rel=\"nofollow noopener\">Sn\u00f6n st\u00e4ngde flygplatsen: \u201daldrig varit med om n\u00e5got liknande\u201d<\/a>&nbsp;&nbsp;Tidningen \u00c5ngermanland<\/li>\n<li><a href=\"https:\/\/news.google.com\/rss\/articles\/CBMijAFBVV95cUxPbVpYb1FpVnl0TVo4bHk0QXBqVmJheWpsbEUzM1A3MXB1dElFOHZVaWk4M3F1QzgwV01PaUhJZXY2Mm1qZlk4SUZCX19mTDhIdjBwXzJJTGhycW1KTjdfRFBod1ZlUnJXNkI0b2ZHOVRqWVhkQTVOSnJkTlhaOTZra3E1TTFFa3ZMOXY4eQ?oc=5\" target=\"_blank\" rel=\"nofollow noopener\">Tommys d\u00f6rr fr\u00f6s fast \u2013 tog sig ut genom f\u00f6nstret<\/a>&nbsp;&nbsp;Sveriges Radio<\/li>\n<li><a href=\"https:\/\/news.google.com\/rss\/articles\/CBMiigFBVV95cUxOalNWX3Rmek1XYVhTbDkxejZOTWg5RkV0eWYtcEZOOTdSN1dtdXNPSGltY3pSTUVfWTJ4alJuYTJEZ0F4blV4VzJzZmh4SUhvNmlLS3VLRWVidXJvX05fNmhpQTBpMXIyc2stZTJNYXA1RmpnRkFmNW1CVUJTMDZXV1d0OXdyZjBielE?oc=5\" target=\"_blank\" rel=\"nofollow noopener\">\u201dSn\u00e5ska&#8221; i Kramfors: \u201dBlixtrar fortfarande\u201d<\/a>&nbsp;&nbsp;Aftonbladet<\/li>\n<li><a href=\"https:\/\/news.google.com\/rss\/articles\/CBMigAFBVV95cUxON1NaalduQm5sSjRBN1VEaExqenVhZVJpZW1TZlItREcxbWlrZ1QtTmx2eU1JQ2xtMnVfaUhKQ0xJektEN1FxOHctOUZhR0ZqTmtyV3JtRi0zdWwxd0pNeFlhWDlrTnJ5WFBKVHVYajRkUWFLd09HM2dZbzNwS29mMQ?oc=5\" target=\"_blank\" rel=\"nofollow noopener\">Matilda i H\u00e4rn\u00f6sand: \u201dJag pulsar fram\u201d<\/a>&nbsp;&nbsp;SVT Nyheter<\/li>\n<li><a href=\"https:\/\/news.google.com\/rss\/articles\/CBMijgFBVV95cUxQQktveUJCbXFDWldITF9vU1NxNDA1dEExaER3RzdwYXVZNVpxRENPNFpwSEVnZ0xYN3ExNFZLaktOYVNUY25iRXhUSXI5NjZDWEsyaHJJVVhFelJPNkMyYzZoM0EtOV9qc3hETEZ3U0ZoUVV2Y1hrTWo3UG12YUoxMUwtTGZPTENkZEZXanF3?oc=5\" target=\"_blank\" rel=\"nofollow noopener\">S\u00f6mnl\u00f6s natt f\u00f6r sn\u00f6r\u00f6jarna i H\u00e4rn\u00f6sand<\/a>&nbsp;&nbsp;Tidningen \u00c5ngermanland<\/li>\n<\/ol>\n","protected":false},"excerpt":{"rendered":"Sn\u00f6n st\u00e4ngde flygplatsen: \u201daldrig varit med om n\u00e5got liknande\u201d&nbsp;&nbsp;Tidningen \u00c5ngermanland Tommys d\u00f6rr fr\u00f6s fast \u2013 tog sig ut&hellip;\n","protected":false},"author":2,"featured_media":131225,"comment_status":"","ping_status":"","sticky":false,"template":"","format":"standard","meta":{"footnotes":""},"categories":[12],"tags":[22,23,26,27,17,21,24,25,28,29,15,16,18,34,31,33,32,30,19,20],"class_list":{"0":"post-132121","1":"post","2":"type-post","3":"status-publish","4":"format-standard","5":"has-post-thumbnail","7":"category-sverige","8":"tag-breaking-news","9":"tag-breakingnews","10":"tag-featured-news","11":"tag-featurednews","12":"tag-headlines","13":"tag-huvudnyheter","14":"tag-latest-news","15":"tag-latestnews","16":"tag-main-news","17":"tag-mainnews","18":"tag-news","19":"tag-nyheter","20":"tag-rubriker","21":"tag-se","22":"tag-svenska","23":"tag-sverige","24":"tag-sweden","25":"tag-swedish","26":"tag-top-stories","27":"tag-topstories"},"share_on_mastodon":{"url":"https:\/\/pubeurope.com\/@se\/115875765505028687","error":""},"_links":{"self":[{"href":"https:\/\/www.europesays.com\/se\/wp-json\/wp\/v2\/posts\/132121","targetHints":{"allow":["GET"]}}],"collection":[{"href":"https:\/\/www.europesays.com\/se\/wp-json\/wp\/v2\/posts"}],"about":[{"href":"https:\/\/www.europesays.com\/se\/wp-json\/wp\/v2\/types\/post"}],"author":[{"embeddable":true,"href":"https:\/\/www.europesays.com\/se\/wp-json\/wp\/v2\/users\/2"}],"replies":[{"embeddable":true,"href":"https:\/\/www.europesays.com\/se\/wp-json\/wp\/v2\/comments?post=132121"}],"version-history":[{"count":0,"href":"https:\/\/www.europesays.com\/se\/wp-json\/wp\/v2\/posts\/132121\/revisions"}],"wp:featuredmedia":[{"embeddable":true,"href":"https:\/\/www.europesays.com\/se\/wp-json\/wp\/v2\/media\/131225"}],"wp:attachment":[{"href":"https:\/\/www.europesays.com\/se\/wp-json\/wp\/v2\/media?parent=132121"}],"wp:term":[{"taxonomy":"category","embeddable":true,"href":"https:\/\/www.europesays.com\/se\/wp-json\/wp\/v2\/categories?post=132121"},{"taxonomy":"post_tag","embeddable":true,"href":"https:\/\/www.europesays.com\/se\/wp-json\/wp\/v2\/tags?post=132121"}],"curies":[{"name":"wp","href":"https:\/\/api.w.org\/{rel}","templated":true}]}}