{"id":132122,"date":"2026-01-11T09:30:17","date_gmt":"2026-01-11T09:30:17","guid":{"rendered":"https:\/\/www.europesays.com\/se\/132122\/"},"modified":"2026-01-11T09:30:17","modified_gmt":"2026-01-11T09:30:17","slug":"zlatans-son-lanas-ut-till-ajax","status":"publish","type":"post","link":"https:\/\/www.europesays.com\/se\/132122\/","title":{"rendered":"Zlatans son l\u00e5nas ut till Ajax"},"content":{"rendered":"<p class=\"boxtextgrotesk-root_baa6 hyperion-css-1w346fg\">Publicerad 2026-01-10 19.05<\/p>\n<p>share-arrowDela<\/p>\n<p>unsaveSpara<\/p>\n<p class=\"hyperion-css-1shl3oz\" data-test-tag=\"lead-text\">Zlatan Ibrahimovics son Maximilian kan g\u00f6ra som sin pappa och spela f\u00f6r Ajax. Enligt uppgifter ska han l\u00e5nas ut till den nederl\u00e4ndska klubben.<\/p>\n<p class=\"hyperion-css-1v9qo5x\">Det \u00e4r den italienske fotbollsjournalisten Fabrizio Romano som p\u00e5 X skriver att 19-\u00e5rige Maximilian Ibrahimovic ska l\u00e5nas ut av Milan till Ajax.<\/p>\n<p class=\"hyperion-css-1v9qo5x\">Det ska ocks\u00e5 finnas en option om att Ajax kan k\u00f6pa loss den svenske fotbollstalangen, vilket \u00e4ven tidningen Telegraaf skrivit om.<\/p>\n<p class=\"hyperion-css-1v9qo5x\">Ajax var den f\u00f6rsta utl\u00e4ndska klubb Zlatan Ibrrahimovic spelade f\u00f6r. Han var 19 \u00e5r n\u00e4r han gick till den nederl\u00e4ndska toppklubben, samma \u00e5lder som sonen har n\u00e4r han nu enligt trov\u00e4rdiga k\u00e4llor ska b\u00f6rja spela f\u00f6r Ajax.<\/p>\n<p class=\"hyperion-css-1v9qo5x\">Maximilian Ibrahimovic har gjort fem m\u00e5l p\u00e5 16 matcher i Serie D f\u00f6r Milans utvecklingslag Futuro den h\u00e4r s\u00e4songen.<\/p>\n","protected":false},"excerpt":{"rendered":"Publicerad 2026-01-10 19.05 share-arrowDela unsaveSpara Zlatan Ibrahimovics son Maximilian kan g\u00f6ra som sin pappa och spela f\u00f6r Ajax.&hellip;\n","protected":false},"author":2,"featured_media":465,"comment_status":"","ping_status":"","sticky":false,"template":"","format":"standard","meta":{"footnotes":""},"categories":[5],"tags":[22,23,26,27,17,21,24,25,28,29,15,16,18,34,31,33,32,30,19,20],"class_list":{"0":"post-132122","1":"post","2":"type-post","3":"status-publish","4":"format-standard","5":"has-post-thumbnail","7":"category-rubriker","8":"tag-breaking-news","9":"tag-breakingnews","10":"tag-featured-news","11":"tag-featurednews","12":"tag-headlines","13":"tag-huvudnyheter","14":"tag-latest-news","15":"tag-latestnews","16":"tag-main-news","17":"tag-mainnews","18":"tag-news","19":"tag-nyheter","20":"tag-rubriker","21":"tag-se","22":"tag-svenska","23":"tag-sverige","24":"tag-sweden","25":"tag-swedish","26":"tag-top-stories","27":"tag-topstories"},"share_on_mastodon":{"url":"https:\/\/pubeurope.com\/@se\/115875769350782203","error":""},"_links":{"self":[{"href":"https:\/\/www.europesays.com\/se\/wp-json\/wp\/v2\/posts\/132122","targetHints":{"allow":["GET"]}}],"collection":[{"href":"https:\/\/www.europesays.com\/se\/wp-json\/wp\/v2\/posts"}],"about":[{"href":"https:\/\/www.europesays.com\/se\/wp-json\/wp\/v2\/types\/post"}],"author":[{"embeddable":true,"href":"https:\/\/www.europesays.com\/se\/wp-json\/wp\/v2\/users\/2"}],"replies":[{"embeddable":true,"href":"https:\/\/www.europesays.com\/se\/wp-json\/wp\/v2\/comments?post=132122"}],"version-history":[{"count":0,"href":"https:\/\/www.europesays.com\/se\/wp-json\/wp\/v2\/posts\/132122\/revisions"}],"wp:featuredmedia":[{"embeddable":true,"href":"https:\/\/www.europesays.com\/se\/wp-json\/wp\/v2\/media\/465"}],"wp:attachment":[{"href":"https:\/\/www.europesays.com\/se\/wp-json\/wp\/v2\/media?parent=132122"}],"wp:term":[{"taxonomy":"category","embeddable":true,"href":"https:\/\/www.europesays.com\/se\/wp-json\/wp\/v2\/categories?post=132122"},{"taxonomy":"post_tag","embeddable":true,"href":"https:\/\/www.europesays.com\/se\/wp-json\/wp\/v2\/tags?post=132122"}],"curies":[{"name":"wp","href":"https:\/\/api.w.org\/{rel}","templated":true}]}}