{"id":132128,"date":"2026-01-11T09:40:17","date_gmt":"2026-01-11T09:40:17","guid":{"rendered":"https:\/\/www.europesays.com\/se\/132128\/"},"modified":"2026-01-11T09:40:17","modified_gmt":"2026-01-11T09:40:17","slug":"holmberg-om-succen-och-utgaende-avtalet-en-dialog-allsvenskan","status":"publish","type":"post","link":"https:\/\/www.europesays.com\/se\/132128\/","title":{"rendered":"Holmberg om succ\u00e9n och utg\u00e5ende avtalet: &#8221;En dialog&#8221; &#8211; Allsvenskan"},"content":{"rendered":"<p>Fredrik Holmbergs Gais inledde \u00e5ret med ett l\u00e5ngpass som varade i en timma och 45 minuter. N\u00e4stan exakt en halvlek l\u00e4ngre \u00e4n \u00d6rgrytes, d\u00e4r brodern Andreas h\u00e5ller till.<\/p>\n<p>&#8211; Vi hade folk p\u00e5 plats d\u00e4r som m\u00e4tte hur l\u00e4nge de tr\u00e4nade, s\u00e5 sa vi att vi ville k\u00f6ra en halvlek l\u00e4ngre, s\u00e4ger &#8221;Fidde&#8221; sk\u00e4mtsamt.<\/p>\n<p>Trots en temperatur runt tio minusgrader var tr\u00e4ningen v\u00e4lbes\u00f6kt av supportrar.<\/p>\n<p>&#8211; Man ska aldrig ta det f\u00f6r givet, men jag hade mina aningar att de skulle dyka upp. De \u00e4r galna.<\/p>\n<p>Holmberg kliver nu in p\u00e5 sitt femte \u00e5r som huvudtr\u00e4nare i gr\u00f6nsvart. Med honom vid rodret har Gais bara hamnat h\u00f6gre och h\u00f6gre upp f\u00f6r varje \u00e5r som g\u00e5tt &#8211; och ifjol slutade man p\u00e5 en tredjeplats.<\/p>\n<p><strong>Ska ni forts\u00e4tta s\u00e5 blir det v\u00e4l tal om guldstrid i \u00e5r?<br \/><\/strong>&#8211; Vi ska bli b\u00e4ttre p\u00e5 fotboll har vi t\u00e4nkt i alla fall. Annars \u00e4r det ingen id\u00e9 att g\u00e5 in i s\u00e4songen, d\u00e5 ska jag inte vara h\u00e4r. Det enda jag g\u00e5r runt och t\u00e4nker p\u00e5 \u00e4r hur vi ska bli \u00e4nnu b\u00e4ttre.<\/p>\n<p>Han forts\u00e4tter:<\/p>\n<p>&#8211; I \u00e5r ska vi ju vara med p\u00e5 fler fronter (Europa) och det finns utmaningar med det, s\u00e5 vi f\u00e5r se var vi landar.<\/p>\n<p>Saknades p\u00e5 f\u00f6rsta tr\u00e4ningspasset gjorde Mergim Krasniqi som \u00e5terh\u00e4mtar sig fr\u00e5n en axelskada och Matteo de Brienne som \u00e4r iv\u00e4g med det kanadensiska landslaget. Men \u00e4ven Amin Boudri som s\u00e4gs vara n\u00e4r en flytt.<\/p>\n<p>&#8211; Boudri \u00e4r sjuk, s\u00e4ger Holmberg.<\/p>\n<p>Han f\u00e5r fr\u00e5gan hur han ser p\u00e5 ett eventuellt tapp av stj\u00e4rnspelaren.<\/p>\n<p>&#8211; Bra spelare riskerar man att tappa och det har vi gjort f\u00f6rr. Men som du n\u00e4mnde, vad vi gjort under \u00e5ren, har vi blivit b\u00e4ttre och b\u00e4ttre. Det vore ett tapp p\u00e5 ett s\u00e4tt och en vinst p\u00e5 ett annat. F\u00f6r det \u00e4r ocks\u00e5 en del av hur vi \u00e4r som klubb, att skicka iv\u00e4g spelare. Det visar omv\u00e4rlden att via Gais \u00e4r en bra v\u00e4g att g\u00e5.<\/p>\n<p>En annan som varit lite av ryktenas man \u00e4r Holmberg sj\u00e4lv. I h\u00f6stas rapporterade flera medier att Malm\u00f6 FF visade intresse f\u00f6r honom. D\u00e4remot var Holmberg sj\u00e4lv inte intresserad av en s\u00e5dan flytt.<\/p>\n<p>&#8211; Nej. Jag var ganska tydlig. Jag har kontrakt h\u00e4r och det gick aldrig s\u00e5 l\u00e5ngt. Jag stormtrivs h\u00e4r och det har inte funnits n\u00e5gon anledning f\u00f6r mig att byta.<\/p>\n<p>Holmbergs nuvarande avtal med Gais g\u00e5r ut efter s\u00e4songen.<\/p>\n<p>&#8211; Vi har en dialog s\u00e5 f\u00e5r vi se var vi landar. Jag stormtrivs i klubben och det vet alla om. Jag kommer vara h\u00e4r den h\u00e4r s\u00e4songen i alla fall sen f\u00e5r vi se vad vi landar i.<\/p>\n<p>Magnus Sk\u00f6ldmark, teknisk direkt\u00f6r i Gais, om situationen.<\/p>\n<p>&#8211; Jag har flera g\u00e5nger sagt att vi vill ha ett livstidskontrakt med honom. Det \u00e4r naturligtvis orealistiskt men i slut\u00e4ndan vill nog alla ha en tydlighet och riktning n\u00e4r man g\u00e5r in i en s\u00e4song. S\u00e5 det \u00e4r klart det \u00e4r viktigt (att f\u00f6rl\u00e4nga).<\/p>\n<p>Hur n\u00e4ra parterna \u00e4r en \u00f6verenskommelse vill han d\u00e4remot inte g\u00e5 in p\u00e5.<\/p>\n<p>&#8211; Jag har inget mer att s\u00e4ga om det.<\/p>\n<p>Mer fr\u00e5n Gais premi\u00e4rtr\u00e4ning<\/p>\n","protected":false},"excerpt":{"rendered":"Fredrik Holmbergs Gais inledde \u00e5ret med ett l\u00e5ngpass som varade i en timma och 45 minuter. N\u00e4stan exakt&hellip;\n","protected":false},"author":2,"featured_media":132129,"comment_status":"","ping_status":"","sticky":false,"template":"","format":"standard","meta":{"footnotes":""},"categories":[68],"tags":[34,111,110,31,33,32,30],"class_list":{"0":"post-132128","1":"post","2":"type-post","3":"status-publish","4":"format-standard","5":"has-post-thumbnail","7":"category-sport","8":"tag-se","9":"tag-sport","10":"tag-sports","11":"tag-svenska","12":"tag-sverige","13":"tag-sweden","14":"tag-swedish"},"share_on_mastodon":{"url":"https:\/\/pubeurope.com\/@se\/115875808722178675","error":""},"_links":{"self":[{"href":"https:\/\/www.europesays.com\/se\/wp-json\/wp\/v2\/posts\/132128","targetHints":{"allow":["GET"]}}],"collection":[{"href":"https:\/\/www.europesays.com\/se\/wp-json\/wp\/v2\/posts"}],"about":[{"href":"https:\/\/www.europesays.com\/se\/wp-json\/wp\/v2\/types\/post"}],"author":[{"embeddable":true,"href":"https:\/\/www.europesays.com\/se\/wp-json\/wp\/v2\/users\/2"}],"replies":[{"embeddable":true,"href":"https:\/\/www.europesays.com\/se\/wp-json\/wp\/v2\/comments?post=132128"}],"version-history":[{"count":0,"href":"https:\/\/www.europesays.com\/se\/wp-json\/wp\/v2\/posts\/132128\/revisions"}],"wp:featuredmedia":[{"embeddable":true,"href":"https:\/\/www.europesays.com\/se\/wp-json\/wp\/v2\/media\/132129"}],"wp:attachment":[{"href":"https:\/\/www.europesays.com\/se\/wp-json\/wp\/v2\/media?parent=132128"}],"wp:term":[{"taxonomy":"category","embeddable":true,"href":"https:\/\/www.europesays.com\/se\/wp-json\/wp\/v2\/categories?post=132128"},{"taxonomy":"post_tag","embeddable":true,"href":"https:\/\/www.europesays.com\/se\/wp-json\/wp\/v2\/tags?post=132128"}],"curies":[{"name":"wp","href":"https:\/\/api.w.org\/{rel}","templated":true}]}}