{"id":132132,"date":"2026-01-11T09:46:28","date_gmt":"2026-01-11T09:46:28","guid":{"rendered":"https:\/\/www.europesays.com\/se\/132132\/"},"modified":"2026-01-11T09:46:28","modified_gmt":"2026-01-11T09:46:28","slug":"en-uppdatering-om-vaderlaget-forstarkt-snorojning","status":"publish","type":"post","link":"https:\/\/www.europesays.com\/se\/132132\/","title":{"rendered":"En uppdatering om v\u00e4derl\u00e4get \u2013 f\u00f6rst\u00e4rkt sn\u00f6r\u00f6jning"},"content":{"rendered":"<p><strong>Delat ansvar f\u00f6r v\u00e4garna<\/strong><\/p>\n<p class=\"hiq-p\">Kommunen har ansvar f\u00f6r ett begr\u00e4nsat antal v\u00e4gar, bland annat v\u00e4gen till Vallhamn och v\u00e4gen till \u00e5tervinningscentralen och vissa g\u00e5ng- och cykelv\u00e4gar. De st\u00f6rre lederna och genomfartsv\u00e4garna \u00e4r Trafikverkets. I \u00f6vrigt \u00e4r det n\u00e5gon av v\u00e5ra cirka 40 lokala v\u00e4gf\u00f6reningar som ansvarar f\u00f6r drift och underh\u00e5ll av v\u00e4garna vilket \u00e4ven omfattar sn\u00f6r\u00f6jningen. Om du betalar en avgift till en v\u00e4gf\u00f6rening \u00e4r det v\u00e4gf\u00f6reningen som du ska v\u00e4nda dig till med fr\u00e5gor.<\/p>\n<p><strong>Kommunen har en prioriteringsordning<\/strong><\/p>\n<p class=\"hiq-p\">Kommunen ansvarar f\u00f6r vinterv\u00e4gh\u00e5llning f\u00f6r alla samh\u00e4llsfastigheter: \u00e4ldreboenden, f\u00f6rskolor och skolor, r\u00e4ddningstj\u00e4nst och kommunens hyresfastigheter.\u00a0V\u00e5ra samh\u00e4llskritiska verksamheter har alltid h\u00f6gst prioritet (\u00e4ldreboenden, r\u00e4ddningstj\u00e4nst, skolor och f\u00f6rskolor). Det inneb\u00e4r att sn\u00f6r\u00f6jning inom bostadsomr\u00e5den och p\u00e5 g\u00e5ng- och cykelv\u00e4gar dr\u00f6jer lite l\u00e4ngre.<\/p>\n<p><strong>Kallt v\u00e4der p\u00e5 v\u00e4g in<\/strong><\/p>\n<p class=\"hiq-p\">Vi ber alla att h\u00e5lla ett \u00f6ga p\u00e5 v\u00e4derprognoserna. SMHI sp\u00e5r l\u00e5ga temperaturer i helgen i kombination med h\u00e5rd vind. I n\u00e4sta vecka finns risk f\u00f6r ytterligare sn\u00f6. Var r\u00e4dda om er!<\/p>\n","protected":false},"excerpt":{"rendered":"Delat ansvar f\u00f6r v\u00e4garna Kommunen har ansvar f\u00f6r ett begr\u00e4nsat antal v\u00e4gar, bland annat v\u00e4gen till Vallhamn och&hellip;\n","protected":false},"author":2,"featured_media":132133,"comment_status":"","ping_status":"","sticky":false,"template":"","format":"standard","meta":{"footnotes":""},"categories":[5],"tags":[22,23,26,27,17,21,24,25,28,29,15,16,18,34,31,33,32,30,19,20],"class_list":{"0":"post-132132","1":"post","2":"type-post","3":"status-publish","4":"format-standard","5":"has-post-thumbnail","7":"category-rubriker","8":"tag-breaking-news","9":"tag-breakingnews","10":"tag-featured-news","11":"tag-featurednews","12":"tag-headlines","13":"tag-huvudnyheter","14":"tag-latest-news","15":"tag-latestnews","16":"tag-main-news","17":"tag-mainnews","18":"tag-news","19":"tag-nyheter","20":"tag-rubriker","21":"tag-se","22":"tag-svenska","23":"tag-sverige","24":"tag-sweden","25":"tag-swedish","26":"tag-top-stories","27":"tag-topstories"},"share_on_mastodon":{"url":"https:\/\/pubeurope.com\/@se\/115875832306738339","error":""},"_links":{"self":[{"href":"https:\/\/www.europesays.com\/se\/wp-json\/wp\/v2\/posts\/132132","targetHints":{"allow":["GET"]}}],"collection":[{"href":"https:\/\/www.europesays.com\/se\/wp-json\/wp\/v2\/posts"}],"about":[{"href":"https:\/\/www.europesays.com\/se\/wp-json\/wp\/v2\/types\/post"}],"author":[{"embeddable":true,"href":"https:\/\/www.europesays.com\/se\/wp-json\/wp\/v2\/users\/2"}],"replies":[{"embeddable":true,"href":"https:\/\/www.europesays.com\/se\/wp-json\/wp\/v2\/comments?post=132132"}],"version-history":[{"count":0,"href":"https:\/\/www.europesays.com\/se\/wp-json\/wp\/v2\/posts\/132132\/revisions"}],"wp:featuredmedia":[{"embeddable":true,"href":"https:\/\/www.europesays.com\/se\/wp-json\/wp\/v2\/media\/132133"}],"wp:attachment":[{"href":"https:\/\/www.europesays.com\/se\/wp-json\/wp\/v2\/media?parent=132132"}],"wp:term":[{"taxonomy":"category","embeddable":true,"href":"https:\/\/www.europesays.com\/se\/wp-json\/wp\/v2\/categories?post=132132"},{"taxonomy":"post_tag","embeddable":true,"href":"https:\/\/www.europesays.com\/se\/wp-json\/wp\/v2\/tags?post=132132"}],"curies":[{"name":"wp","href":"https:\/\/api.w.org\/{rel}","templated":true}]}}