{"id":132134,"date":"2026-01-11T09:48:08","date_gmt":"2026-01-11T09:48:08","guid":{"rendered":"https:\/\/www.europesays.com\/se\/132134\/"},"modified":"2026-01-11T09:48:08","modified_gmt":"2026-01-11T09:48:08","slug":"snosmockan-lyfter-pressad-sporthandel-svd","status":"publish","type":"post","link":"https:\/\/www.europesays.com\/se\/132134\/","title":{"rendered":"Sn\u00f6smockan lyfter pressad sporthandel &#8211; SvD"},"content":{"rendered":"<ol>\n<li><a href=\"https:\/\/news.google.com\/rss\/articles\/CBMic0FVX3lxTE1jcFpjQ2ZSZzFoVVRfWmFqaDF4aC1hV3FJdjZBalphLVUzWk4wcnVwZktLM1RFQjh6Q0JyQmJmWl9oTy1oRUFmNVF1b2x5elNUZkVrSGUyel9vYnZtV2FuZ09DdFdDUzVhSUVlelFoYUx3Q2M?oc=5\" target=\"_blank\" rel=\"nofollow noopener\">Sn\u00f6smockan lyfter pressad sporthandel<\/a>&nbsp;&nbsp;SvD<\/li>\n<li><a href=\"https:\/\/news.google.com\/rss\/articles\/CBMi4gFBVV95cUxQTHFBbWRkQ2M5VkdTQkdvV09GSmdzYS1Jd19jdGJKQjg5NEZmalRxQ3kyNnNTNXlBRkx5aVUtRFlxMDhjWC05UmctcjNyREg3VzIwcmlpaEt2M2NGdl82R1dEc29FdVhhRUUtakd3UHJrM3Fxa2lPdExFUm5HZDRoNjVaMk5sNDJ1NVh2MW9nQ3RrSWtNZlN0aUJ3dUsyOEhwS0FhU21vaExCX2hGU2d2aGJJVFloU1lkWTBzQkd1OTU4bENBQVRoRFdWSnlkSjZMY3lpV2pObXZLR1FOWHVSUTV3?oc=5\" target=\"_blank\" rel=\"nofollow noopener\">Stor efterfr\u00e5gan p\u00e5 pulkor i Uddevalla n\u00e4r sn\u00f6n kom<\/a>&nbsp;&nbsp;Bohusl\u00e4ningen<\/li>\n<li><a href=\"https:\/\/news.google.com\/rss\/articles\/CBMipAFBVV95cUxPeFp6N09mYnBiTjlIVGxGUVhKRWZBN1oxQ3dSZ2Z2Y1pvblhnQlZUazRlLXZmRVU1eGVWcEh5bTUxWHpZV0U2Ukk1ZW5MYXUxb1FsUUVjdkR4em1NOFh2TGJQYzUzRkRmbVRtOHVxOXVlUEMtMDNwWmRJbVBFSUZvWTVsaV9ZWi0zenpIc1pQNmNVOVhFdS1EaTBOSTh6a2Z6anBmUA?oc=5\" target=\"_blank\" rel=\"nofollow noopener\">Sn\u00f6n gav G\u00f6tenebutiken en f\u00f6rs\u00e4ljningsboom: \u201dPulkorna har s\u00e5lt slut\u201d<\/a>&nbsp;&nbsp;NLT<\/li>\n<li><a href=\"https:\/\/news.google.com\/rss\/articles\/CBMi3gFBVV95cUxNbnQ0aXF4Z0Z6dlh6U3FDelBEdDROVjNnYjlUZzUzeDlQSE9OSktsdnpWMmV2c3V1eEdqejRyZWlrbWs4QkRJOXJzXzRBdEVGQ2hQZXo0YkUyNUFYd01yQnJqQUtpZTFBMlFWRl9qRG1sNVc1c09mX25tdGg2NkpMUUgtS09VYXB4c3ZYU0xVLW1CY3NvV05hblNFeXQzYTRndkN6cGpwNm91YTROZDhOY1ptS3hCeTNJUTk2UTc1YUtZQVdwM0J0U1loWVVvZ0U5TEVzSDRwMUZoS19FMGc?oc=5\" target=\"_blank\" rel=\"nofollow noopener\">Efter sn\u00f6n \u2013 d\u00e4rf\u00f6r rusar folk till sportbutikerna p\u00e5 \u00d6verby<\/a>&nbsp;&nbsp;TTELA<\/li>\n<li><a href=\"https:\/\/news.google.com\/rss\/articles\/CBMimwFBVV95cUxONTQ2dzl3SGJXeFo4M25oenZvdG1ubl9aLWxEV01kV1ljSGN0SjlCQ3VLRC0wNHJIYlFPaDZkZFQ3eG1Nc21QSzBobWdtSk9wSGlodTVtY1Y4SHlSTGk4Vk5uaWZ1V1F6MmdDM3ZKZFlfXzNDNkRfVFFDckVUd3pEYm55dTI4RUg1ZVY3d0ZGMk1YOEpFZS1ER0N2Yw?oc=5\" target=\"_blank\" rel=\"nofollow noopener\">Sn\u00f6n fullkomligen vr\u00e4kte ner \u2013 d\u00e5 trivdes barnen i G\u00f6tenes \u201dnya\u201d pulkabacke<\/a>&nbsp;&nbsp;NLT<\/li>\n<\/ol>\n","protected":false},"excerpt":{"rendered":"Sn\u00f6smockan lyfter pressad sporthandel&nbsp;&nbsp;SvD Stor efterfr\u00e5gan p\u00e5 pulkor i Uddevalla n\u00e4r sn\u00f6n kom&nbsp;&nbsp;Bohusl\u00e4ningen Sn\u00f6n gav G\u00f6tenebutiken en f\u00f6rs\u00e4ljningsboom:&hellip;\n","protected":false},"author":2,"featured_media":132135,"comment_status":"","ping_status":"","sticky":false,"template":"","format":"standard","meta":{"footnotes":""},"categories":[68],"tags":[34,111,110,31,33,32,30],"class_list":{"0":"post-132134","1":"post","2":"type-post","3":"status-publish","4":"format-standard","5":"has-post-thumbnail","7":"category-sport","8":"tag-se","9":"tag-sport","10":"tag-sports","11":"tag-svenska","12":"tag-sverige","13":"tag-sweden","14":"tag-swedish"},"share_on_mastodon":{"url":"https:\/\/pubeurope.com\/@se\/115875840162023685","error":""},"_links":{"self":[{"href":"https:\/\/www.europesays.com\/se\/wp-json\/wp\/v2\/posts\/132134","targetHints":{"allow":["GET"]}}],"collection":[{"href":"https:\/\/www.europesays.com\/se\/wp-json\/wp\/v2\/posts"}],"about":[{"href":"https:\/\/www.europesays.com\/se\/wp-json\/wp\/v2\/types\/post"}],"author":[{"embeddable":true,"href":"https:\/\/www.europesays.com\/se\/wp-json\/wp\/v2\/users\/2"}],"replies":[{"embeddable":true,"href":"https:\/\/www.europesays.com\/se\/wp-json\/wp\/v2\/comments?post=132134"}],"version-history":[{"count":0,"href":"https:\/\/www.europesays.com\/se\/wp-json\/wp\/v2\/posts\/132134\/revisions"}],"wp:featuredmedia":[{"embeddable":true,"href":"https:\/\/www.europesays.com\/se\/wp-json\/wp\/v2\/media\/132135"}],"wp:attachment":[{"href":"https:\/\/www.europesays.com\/se\/wp-json\/wp\/v2\/media?parent=132134"}],"wp:term":[{"taxonomy":"category","embeddable":true,"href":"https:\/\/www.europesays.com\/se\/wp-json\/wp\/v2\/categories?post=132134"},{"taxonomy":"post_tag","embeddable":true,"href":"https:\/\/www.europesays.com\/se\/wp-json\/wp\/v2\/tags?post=132134"}],"curies":[{"name":"wp","href":"https:\/\/api.w.org\/{rel}","templated":true}]}}