{"id":132137,"date":"2026-01-11T09:56:06","date_gmt":"2026-01-11T09:56:06","guid":{"rendered":"https:\/\/www.europesays.com\/se\/132137\/"},"modified":"2026-01-11T09:56:06","modified_gmt":"2026-01-11T09:56:06","slug":"nytt-europarekord-av-almgren-hade-snabba-tider-i-mig","status":"publish","type":"post","link":"https:\/\/www.europesays.com\/se\/132137\/","title":{"rendered":"Nytt Europarekord av Almgren: &#8221;Hade snabba tider i mig&#8221;"},"content":{"rendered":"<p class=\"preamble\">&#13;<br \/>\n\t\t\t\t\tAndreas Almgren stod under s\u00f6ndagen f\u00f6r \u00e4nnu ett historiskt 10-kilometerslopp i Valencia n\u00e4r han f\u00f6rb\u00e4ttrade sitt eget Europarekord till 26:44. &#8221;Jag k\u00e4nde att jag hade snabba tider i mig och jag \u00e4r n\u00f6jd med vad jag fick ut&#8221;, s\u00e4ger Andreas Almgren.&#13;\n\t\t\t\t<\/p>\n<p data-start=\"457\" data-end=\"630\">F\u00f6r ett \u00e5r sedan f\u00f6rb\u00e4ttrade Andreas Almgren Europarekordet p\u00e5 10 kilometer till 26:53 och blev den f\u00f6rsta europ\u00e9n att springa under 27 minuter p\u00e5 distansen.<\/p>\n<p data-start=\"632\" data-end=\"796\">Inf\u00f6r s\u00f6ndagens lopp var siktet tydligt inst\u00e4llt p\u00e5 \u00e4nnu ett Europarekord. Andreas korsade m\u00e5llinjen p\u00e5 tiden 26:44, en f\u00f6rb\u00e4ttring av rekordet med nio sekunder.<\/p>\n<p data-start=\"798\" data-end=\"997\">\u2013 Jag \u00e4r v\u00e4ldigt n\u00f6jd med loppet. Jag sa inf\u00f6r att jag skulle vara n\u00f6jd om jag slog mitt personliga rekord med tio sekunder. Jag k\u00e4nde att jag hade snabba tider i mig och \u00e4r n\u00f6jd med vad jag fick ut, s\u00e4ger Andreas Almgren efter loppet.<\/p>\n<p data-start=\"999\" data-end=\"1045\">\u201dDe b\u00e4sta f\u00f6rh\u00e5llandena jag n\u00e5gonsin haft\u201d<\/p>\n<p data-start=\"1047\" data-end=\"1205\">Efter att haren klivit av tog Andreas t\u00e4ten och passerade 5 kilometer p\u00e5 otroliga 13:14 \u2013 snabbare \u00e4n v\u00e4rldsrekordh\u00e5llaren Rhonex Kipruto vid samma passering.<\/p>\n<p data-start=\"1207\" data-end=\"1390\">N\u00e4r tre kilometer \u00e5terstod av loppet var det endast tv\u00e5 l\u00f6pare kvar i t\u00e4ten, med Andreas fortsatt f\u00f6rst. Efter 9 kilometer ryckte han ifr\u00e5n och skapade en tydlig lucka ned till tv\u00e5an.<\/p>\n<p data-start=\"1392\" data-end=\"1567\">In p\u00e5 det l\u00e5nga upploppet s\u00e5g Andreas fortsatt stark ut och \u00e4ven om det r\u00e5dde viss f\u00f6rvirring kring var m\u00e5llinjen var sprang han i m\u00e5l p\u00e5 fantastiska 26:44 och vann loppet klart.<\/p>\n<p data-start=\"1569\" data-end=\"1791\">\u2013 Det var de b\u00e4sta f\u00f6rh\u00e5llandena jag n\u00e5gonsin haft h\u00e4r i Valencia, men jag blev \u00e4nd\u00e5 tvungen att ta ledningen tidigare \u00e4n jag t\u00e4nkt, redan efter tre kilometer. Det var lite vind, s\u00e4rskilt p\u00e5 det l\u00e5nga upploppet p\u00e5 slutet.<\/p>\n<p data-start=\"1793\" data-end=\"2030\" data-is-last-node=\"\" data-is-only-node=\"\">Tiden \u00e4r den femte b\u00e4sta p\u00e5 10 kilometer genom alla tider. Rhonex Kiprutos v\u00e4rldsrekord fr\u00e5n 2020, satt just i Valencia, \u00e4r 26:24. Med s\u00f6ndagens seger blev Andreas Almgren dessutom den f\u00f6rste att vinna 10K Valencia Ibercaja tv\u00e5 \u00e5r i rad.<\/p>\n<p data-start=\"1793\" data-end=\"2030\" data-is-last-node=\"\" data-is-only-node=\"\">Texten uppdateras.<\/p>\n","protected":false},"excerpt":{"rendered":"&#13; Andreas Almgren stod under s\u00f6ndagen f\u00f6r \u00e4nnu ett historiskt 10-kilometerslopp i Valencia n\u00e4r han f\u00f6rb\u00e4ttrade sitt eget&hellip;\n","protected":false},"author":2,"featured_media":132138,"comment_status":"","ping_status":"","sticky":false,"template":"","format":"standard","meta":{"footnotes":""},"categories":[68],"tags":[34,111,110,31,33,32,30],"class_list":{"0":"post-132137","1":"post","2":"type-post","3":"status-publish","4":"format-standard","5":"has-post-thumbnail","7":"category-sport","8":"tag-se","9":"tag-sport","10":"tag-sports","11":"tag-svenska","12":"tag-sverige","13":"tag-sweden","14":"tag-swedish"},"share_on_mastodon":{"url":"https:\/\/pubeurope.com\/@se\/115875871628763745","error":""},"_links":{"self":[{"href":"https:\/\/www.europesays.com\/se\/wp-json\/wp\/v2\/posts\/132137","targetHints":{"allow":["GET"]}}],"collection":[{"href":"https:\/\/www.europesays.com\/se\/wp-json\/wp\/v2\/posts"}],"about":[{"href":"https:\/\/www.europesays.com\/se\/wp-json\/wp\/v2\/types\/post"}],"author":[{"embeddable":true,"href":"https:\/\/www.europesays.com\/se\/wp-json\/wp\/v2\/users\/2"}],"replies":[{"embeddable":true,"href":"https:\/\/www.europesays.com\/se\/wp-json\/wp\/v2\/comments?post=132137"}],"version-history":[{"count":0,"href":"https:\/\/www.europesays.com\/se\/wp-json\/wp\/v2\/posts\/132137\/revisions"}],"wp:featuredmedia":[{"embeddable":true,"href":"https:\/\/www.europesays.com\/se\/wp-json\/wp\/v2\/media\/132138"}],"wp:attachment":[{"href":"https:\/\/www.europesays.com\/se\/wp-json\/wp\/v2\/media?parent=132137"}],"wp:term":[{"taxonomy":"category","embeddable":true,"href":"https:\/\/www.europesays.com\/se\/wp-json\/wp\/v2\/categories?post=132137"},{"taxonomy":"post_tag","embeddable":true,"href":"https:\/\/www.europesays.com\/se\/wp-json\/wp\/v2\/tags?post=132137"}],"curies":[{"name":"wp","href":"https:\/\/api.w.org\/{rel}","templated":true}]}}