{"id":132139,"date":"2026-01-11T09:59:45","date_gmt":"2026-01-11T09:59:45","guid":{"rendered":"https:\/\/www.europesays.com\/se\/132139\/"},"modified":"2026-01-11T09:59:45","modified_gmt":"2026-01-11T09:59:45","slug":"clas-ohlsons-rekord-efter-stora-kritiken","status":"publish","type":"post","link":"https:\/\/www.europesays.com\/se\/132139\/","title":{"rendered":"Clas Ohlsons rekord\n\u2013 efter stora kritiken"},"content":{"rendered":"<p>Publicerad 9 jan 2026 kl 10.04<\/p>\n<p>Ingen mer extra ledighet eller prestationsl\u00f6n.<\/p>\n<p>Det nya avtalet var betydligt s\u00e4mre f\u00f6r de anst\u00e4llda p\u00e5 Clas Ohlsons centrallager i Insj\u00f6n.<\/p>\n<p>Samtidigt sl\u00e5r prylj\u00e4tten rekord.\u00a0<\/p>\n<p><img   alt=\"\"\/><\/p>\n<p>Clas Ohlson grundades 1918 i Insj\u00f6n i Dalarna.<\/p>\n<p>Foto: ANNA-KARIN NILSSON<\/p>\n<p>\u00d6ppna bild i helsk\u00e4rm<img loading=\"lazy\"   alt=\"\"\/><\/p>\n<p>Kristofer Tonstr\u00f6m, vd f\u00f6r Clas Ohlson.<\/p>\n<p>Foto: Mattias de Frumerie \/ DI TT NYHETSBYR\u00c5N<\/p>\n<p>\u00d6ppna bild i helsk\u00e4rm<\/p>\n<p>Det brukade kallas f\u00f6r \u201d<a href=\"https:\/\/www.expressen.se\/tagg\/organization\/clas-ohlson\/\" class=\"\" rel=\"nofollow noopener\" target=\"_blank\">Clas Ohlson<\/a>-andan\u201d.\u00a0<\/p>\n<p>N\u00e4r den id\u00e9rika uppfinnaren entrepren\u00f6ren Clas Ohlson grundade postorderf\u00f6retaget i Insj\u00f6n i Dalarna 1918 ville han att hela bygden skulle dra nytta av att f\u00f6retaget gjorde vinst.\u00a0<\/p>\n<p>Men det senaste \u00e5ret har ledningens agerande v\u00e4ckt kritik i bygden, vilket <a href=\"https:\/\/www.expressen.se\/nyheter\/sverige\/de-stannar-pa-clas-ohlson-forlorar-10-000-i-manaden\/\" rel=\"nofollow noopener\" target=\"_blank\">Expressen rapporterade om<\/a> i <a href=\"https:\/\/www.expressen.se\/nyheter\/sverige\/clas-ohlson-anstallda-fick-extra-jultid-tas-nu-bort\/\" rel=\"nofollow noopener\" target=\"_blank\">flera artiklar <\/a>under h\u00f6sten.\u00a0<\/p>\n<p>Tusenlappar mindre\u00a0<\/p>\n<p>De anst\u00e4llda p\u00e5 prylj\u00e4ttens centrallager i Insj\u00f6n hade tidigare bland annat f\u00f6rm\u00e5ner som andra Handels-anslutna saknar, som extra ob-timmar, extra ledighet och prestationsl\u00f6n som baseras p\u00e5 f\u00f6retagets framg\u00e5ng.<\/p>\n<p>Men n\u00e4r f\u00f6retaget, efter att f\u00f6rst ha \u00f6verv\u00e4gt att flytta hela lagret, landade i att stanna var beskedet att kostnaderna m\u00e5ste ner.\u00a0<\/p>\n<p>De anst\u00e4llda beh\u00f6vde d\u00e5 acceptera ett nytt och ekonomiskt s\u00e4mre avtal \u2013 som f\u00f6r en del motsvarade en f\u00f6rlust p\u00e5 upp till 8 000 kronor i m\u00e5naden, enligt vad huvudskyddsombudet <a href=\"https:\/\/www.expressen.se\/nyheter\/sverige\/de-stannar-pa-clas-ohlson-forlorar-10-000-i-manaden\/\" rel=\"nofollow noopener\" target=\"_blank\">tidigare har uppgett f\u00f6r Expressen.\u00a0<\/a><\/p>\n<p>G\u00e5r rekordbra\u00a0<\/p>\n<p>Samtidigt <a href=\"https:\/\/www.expressen.se\/ekonomi\/clas-ohlsons-forsaljning-slog-rekord\/\" rel=\"nofollow noopener\" target=\"_blank\">g\u00e5r Clas Ohlson rekordbra.\u00a0<\/a><\/p>\n<p>F\u00f6rs\u00e4ljningen \u00f6kade med sju procent i december j\u00e4mf\u00f6rt med samma m\u00e5nad \u00e5ret innan.<\/p>\n<p>Det \u00e4r den h\u00f6gsta m\u00e5nadsf\u00f6rs\u00e4ljningen n\u00e5gonsin, enligt vd och koncernchef Kristofer Tonstr\u00f6m.<\/p>\n<p>\u2013 Vi tr\u00e4ffade r\u00e4tt i sortimentet och lyckades leverera ett bra kundm\u00f6te hela v\u00e4gen in till julafton, s\u00e4ger han i ett pressmeddelande.\u00a0<\/p>\n<p>Den totala nettooms\u00e4ttningen f\u00f6r december landade p\u00e5 1 676 miljoner kronor.\u00a0<\/p>\n<p>Det totala antalet butiker \u00f6kat med sex stycken p\u00e5 ett \u00e5r.<\/p>\n<p><strong>L\u00c4S MER: <\/strong><a href=\"https:\/\/www.expressen.se\/nyheter\/sverige\/de-stannar-pa-clas-ohlson-forlorar-10-000-i-manaden\/\" class=\"\" rel=\"nofollow noopener\" target=\"_blank\">De stannar p\u00e5 Clas Ohlson \u2013 f\u00f6rlorar 10 000 i m\u00e5naden<\/a><strong>L\u00c4S MER: <\/strong><a href=\"https:\/\/www.expressen.se\/nyheter\/sverige\/clas-ohlson-anstallda-fick-extra-jultid-tas-nu-bort\/\" class=\"\" rel=\"nofollow noopener\" target=\"_blank\">Clas Ohlson-anst\u00e4llda fick extra jultid \u2013 tas nu bort<\/a><\/p>\n","protected":false},"excerpt":{"rendered":"Publicerad 9 jan 2026 kl 10.04 Ingen mer extra ledighet eller prestationsl\u00f6n. Det nya avtalet var betydligt s\u00e4mre&hellip;\n","protected":false},"author":2,"featured_media":132140,"comment_status":"","ping_status":"","sticky":false,"template":"","format":"standard","meta":{"footnotes":""},"categories":[65],"tags":[72,70,71,1366,34,31,33,32,30],"class_list":{"0":"post-132139","1":"post","2":"type-post","3":"status-publish","4":"format-standard","5":"has-post-thumbnail","7":"category-ekonomi","8":"tag-business","9":"tag-economy","10":"tag-ekonomi","11":"tag-organization-clas-ohlson","12":"tag-se","13":"tag-svenska","14":"tag-sverige","15":"tag-sweden","16":"tag-swedish"},"share_on_mastodon":{"url":"https:\/\/pubeurope.com\/@se\/115875883446908008","error":""},"_links":{"self":[{"href":"https:\/\/www.europesays.com\/se\/wp-json\/wp\/v2\/posts\/132139","targetHints":{"allow":["GET"]}}],"collection":[{"href":"https:\/\/www.europesays.com\/se\/wp-json\/wp\/v2\/posts"}],"about":[{"href":"https:\/\/www.europesays.com\/se\/wp-json\/wp\/v2\/types\/post"}],"author":[{"embeddable":true,"href":"https:\/\/www.europesays.com\/se\/wp-json\/wp\/v2\/users\/2"}],"replies":[{"embeddable":true,"href":"https:\/\/www.europesays.com\/se\/wp-json\/wp\/v2\/comments?post=132139"}],"version-history":[{"count":0,"href":"https:\/\/www.europesays.com\/se\/wp-json\/wp\/v2\/posts\/132139\/revisions"}],"wp:featuredmedia":[{"embeddable":true,"href":"https:\/\/www.europesays.com\/se\/wp-json\/wp\/v2\/media\/132140"}],"wp:attachment":[{"href":"https:\/\/www.europesays.com\/se\/wp-json\/wp\/v2\/media?parent=132139"}],"wp:term":[{"taxonomy":"category","embeddable":true,"href":"https:\/\/www.europesays.com\/se\/wp-json\/wp\/v2\/categories?post=132139"},{"taxonomy":"post_tag","embeddable":true,"href":"https:\/\/www.europesays.com\/se\/wp-json\/wp\/v2\/tags?post=132139"}],"curies":[{"name":"wp","href":"https:\/\/api.w.org\/{rel}","templated":true}]}}