{"id":132143,"date":"2026-01-11T10:18:07","date_gmt":"2026-01-11T10:18:07","guid":{"rendered":"https:\/\/www.europesays.com\/se\/132143\/"},"modified":"2026-01-11T10:18:07","modified_gmt":"2026-01-11T10:18:07","slug":"ryssland-ville-byta-ukraina-mot-venezuela-och-hoppas-att-usa-erkanner-en-rysk-intressesfar","status":"publish","type":"post","link":"https:\/\/www.europesays.com\/se\/132143\/","title":{"rendered":"Ryssland ville byta Ukraina mot Venezuela \u2013 och hoppas att USA erk\u00e4nner en rysk intressesf\u00e4r"},"content":{"rendered":"<p>2019 var Fiona Hill Donald Trumps rysslandsr\u00e5dgivare, och fick signaler fr\u00e5n Moskva om ett ovanligt f\u00f6rslag. Ryssland skulle dra tillbaka sitt st\u00f6d f\u00f6r Venezuelas Nicol\u00e1s Maduro \u2013 om USA gav ryssarna fritt spelrum i Ukraina.<\/p>\n<p>Det var en bytesaff\u00e4r i linje med den nya v\u00e4rldsordning som Ryssland l\u00e4nge hade efterstr\u00e4vat, med intressesf\u00e4rer d\u00e4r stormakterna l\u00e5ter varandra agera efter egna regler. Ryssland \u2013 med starka band till Venezuela \u2013 skulle inte agera om USA angrep Venezuela, om USA drog tillbaka sitt st\u00f6d f\u00f6r Ukraina.<\/p>\n","protected":false},"excerpt":{"rendered":"2019 var Fiona Hill Donald Trumps rysslandsr\u00e5dgivare, och fick signaler fr\u00e5n Moskva om ett ovanligt f\u00f6rslag. Ryssland skulle&hellip;\n","protected":false},"author":2,"featured_media":132144,"comment_status":"","ping_status":"","sticky":false,"template":"","format":"standard","meta":{"footnotes":""},"categories":[5],"tags":[22,23,26,27,17,21,24,25,28,29,15,16,18,34,31,33,32,30,19,20],"class_list":{"0":"post-132143","1":"post","2":"type-post","3":"status-publish","4":"format-standard","5":"has-post-thumbnail","7":"category-rubriker","8":"tag-breaking-news","9":"tag-breakingnews","10":"tag-featured-news","11":"tag-featurednews","12":"tag-headlines","13":"tag-huvudnyheter","14":"tag-latest-news","15":"tag-latestnews","16":"tag-main-news","17":"tag-mainnews","18":"tag-news","19":"tag-nyheter","20":"tag-rubriker","21":"tag-se","22":"tag-svenska","23":"tag-sverige","24":"tag-sweden","25":"tag-swedish","26":"tag-top-stories","27":"tag-topstories"},"share_on_mastodon":{"url":"https:\/\/pubeurope.com\/@se\/115875958123190828","error":""},"_links":{"self":[{"href":"https:\/\/www.europesays.com\/se\/wp-json\/wp\/v2\/posts\/132143","targetHints":{"allow":["GET"]}}],"collection":[{"href":"https:\/\/www.europesays.com\/se\/wp-json\/wp\/v2\/posts"}],"about":[{"href":"https:\/\/www.europesays.com\/se\/wp-json\/wp\/v2\/types\/post"}],"author":[{"embeddable":true,"href":"https:\/\/www.europesays.com\/se\/wp-json\/wp\/v2\/users\/2"}],"replies":[{"embeddable":true,"href":"https:\/\/www.europesays.com\/se\/wp-json\/wp\/v2\/comments?post=132143"}],"version-history":[{"count":0,"href":"https:\/\/www.europesays.com\/se\/wp-json\/wp\/v2\/posts\/132143\/revisions"}],"wp:featuredmedia":[{"embeddable":true,"href":"https:\/\/www.europesays.com\/se\/wp-json\/wp\/v2\/media\/132144"}],"wp:attachment":[{"href":"https:\/\/www.europesays.com\/se\/wp-json\/wp\/v2\/media?parent=132143"}],"wp:term":[{"taxonomy":"category","embeddable":true,"href":"https:\/\/www.europesays.com\/se\/wp-json\/wp\/v2\/categories?post=132143"},{"taxonomy":"post_tag","embeddable":true,"href":"https:\/\/www.europesays.com\/se\/wp-json\/wp\/v2\/tags?post=132143"}],"curies":[{"name":"wp","href":"https:\/\/api.w.org\/{rel}","templated":true}]}}