{"id":132145,"date":"2026-01-11T10:21:42","date_gmt":"2026-01-11T10:21:42","guid":{"rendered":"https:\/\/www.europesays.com\/se\/132145\/"},"modified":"2026-01-11T10:21:42","modified_gmt":"2026-01-11T10:21:42","slug":"zara-larsson-rasar-jag-hatar-ice","status":"publish","type":"post","link":"https:\/\/www.europesays.com\/se\/132145\/","title":{"rendered":"Zara Larsson rasar: \u201dJag hatar ICE\u201d"},"content":{"rendered":"<p>Zara Larsson st\u00e4ller sig bakom protesterna mot den amerikanska migrantpolisen ICE. Det skriver den svenska artisten sj\u00e4lv p\u00e5 instagram.<\/p>\n<p>I ett inl\u00e4gg radar Larsson upp saker hon \u00e4lskar, d\u00e4ribland kriminella, transpersoner, migranter, abort och socialism, innan hon g\u00f6r en retorisk v\u00e4ndning och avslutar med \u201djag hatar ICE\u201d.<\/p>\n<p>Protester mot ICE har under natten mot l\u00f6rdag genomf\u00f6rts p\u00e5 flera h\u00e5ll i USA efter att en av myndighetens agenter skjutit en flerbarnsmamma till d\u00f6ds tidigare i veckan. <\/p>\n<p>Larsson befinner sig f\u00f6r n\u00e4rvarande p\u00e5 turn\u00e9 och har knappt 30 stopp i USA inbokade, med start i slutet p\u00e5 februari.<\/p>\n<p>Omni \u00e4r politiskt obundna och oberoende. Vi str\u00e4var efter att ge fler perspektiv p\u00e5 nyheterna. Har du fr\u00e5gor eller synpunkter kring v\u00e5r rapportering? <a href=\"https:\/\/omni.se\/zara-larsson-rasar-jag-hatar-ice\/a\/mailto:redaktion@omni.se\" class=\"ArticleActions_contactLink__W2F1M\" rel=\"nofollow noopener\" target=\"_blank\">Kontakta redaktionen<\/a><\/p>\n","protected":false},"excerpt":{"rendered":"Zara Larsson st\u00e4ller sig bakom protesterna mot den amerikanska migrantpolisen ICE. Det skriver den svenska artisten sj\u00e4lv p\u00e5&hellip;\n","protected":false},"author":2,"featured_media":132146,"comment_status":"","ping_status":"","sticky":false,"template":"","format":"standard","meta":{"footnotes":""},"categories":[67],"tags":[387,104,172,268,34,31,33,32,30,105,74,6670],"class_list":{"0":"post-132145","1":"post","2":"type-post","3":"status-publish","4":"format-standard","5":"has-post-thumbnail","7":"category-underhallning","8":"tag-amerikansk-politik","9":"tag-entertainment","10":"tag-musik","11":"tag-nordamerika","12":"tag-se","13":"tag-svenska","14":"tag-sverige","15":"tag-sweden","16":"tag-swedish","17":"tag-underhallning","18":"tag-usa","19":"tag-zara-larsson"},"share_on_mastodon":{"url":"https:\/\/pubeurope.com\/@se\/115875969932302024","error":""},"_links":{"self":[{"href":"https:\/\/www.europesays.com\/se\/wp-json\/wp\/v2\/posts\/132145","targetHints":{"allow":["GET"]}}],"collection":[{"href":"https:\/\/www.europesays.com\/se\/wp-json\/wp\/v2\/posts"}],"about":[{"href":"https:\/\/www.europesays.com\/se\/wp-json\/wp\/v2\/types\/post"}],"author":[{"embeddable":true,"href":"https:\/\/www.europesays.com\/se\/wp-json\/wp\/v2\/users\/2"}],"replies":[{"embeddable":true,"href":"https:\/\/www.europesays.com\/se\/wp-json\/wp\/v2\/comments?post=132145"}],"version-history":[{"count":0,"href":"https:\/\/www.europesays.com\/se\/wp-json\/wp\/v2\/posts\/132145\/revisions"}],"wp:featuredmedia":[{"embeddable":true,"href":"https:\/\/www.europesays.com\/se\/wp-json\/wp\/v2\/media\/132146"}],"wp:attachment":[{"href":"https:\/\/www.europesays.com\/se\/wp-json\/wp\/v2\/media?parent=132145"}],"wp:term":[{"taxonomy":"category","embeddable":true,"href":"https:\/\/www.europesays.com\/se\/wp-json\/wp\/v2\/categories?post=132145"},{"taxonomy":"post_tag","embeddable":true,"href":"https:\/\/www.europesays.com\/se\/wp-json\/wp\/v2\/tags?post=132145"}],"curies":[{"name":"wp","href":"https:\/\/api.w.org\/{rel}","templated":true}]}}