{"id":132149,"date":"2026-01-11T10:26:08","date_gmt":"2026-01-11T10:26:08","guid":{"rendered":"https:\/\/www.europesays.com\/se\/132149\/"},"modified":"2026-01-11T10:26:08","modified_gmt":"2026-01-11T10:26:08","slug":"efter-kylan-nu-rullar-vissa-nattag-igen","status":"publish","type":"post","link":"https:\/\/www.europesays.com\/se\/132149\/","title":{"rendered":"Efter kylan \u2013 nu rullar vissa natt\u00e5g igen"},"content":{"rendered":"<p>share-arrowDela<\/p>\n<p>unsaveSpara<\/p>\n<p>expand-left<\/p>\n<p>helsk\u00e4rm<img decoding=\"async\" class=\"image-asset hyperion-css-u06ts1\" data-test-tag=\"image-asset\" src=\"https:\/\/www.europesays.com\/se\/wp-content\/uploads\/2026\/01\/917d9084-c221-46b7-926b-a76b4391e892.jpeg\"  alt=\"Natt\u00e5gstrafiken \u00e4r delvis ig\u00e5ng igen efter flera dagar med sn\u00f6 och kyla. Arkivbild.\"  loading=\"eager\" fetchpriority=\"high\" style=\"aspect-ratio:1900 \/ 1266\"\/>Natt\u00e5gstrafiken \u00e4r delvis ig\u00e5ng igen efter flera dagar med sn\u00f6 och kyla. Arkivbild. Foto: Anders Wiklund\/TT<\/p>\n<p class=\"hyperion-css-1shl3oz\" data-test-tag=\"lead-text\">Natt\u00e5gstrafiken mellan Lule\u00e5 och Stockholm g\u00e5r som vanligt fr\u00e5n och med s\u00f6ndag kv\u00e4ll, rapporterar P4 Norrbotten.<\/p>\n<p class=\"hyperion-css-1v9qo5x\">T\u00e5gen har varit inst\u00e4llda under fredagen och l\u00f6rdagen p\u00e5 grund av kyla, n\u00e5got som \u00e4ven st\u00e4llde till problem under \u00e5rets f\u00f6rsta vecka. Trafiken \u00e4r fortsatt inst\u00e4lld mellan Lule\u00e5 och Narvik och det finns ingen prognos f\u00f6r n\u00e4r den kan \u00e5terupptas.<\/p>\n<p class=\"hyperion-css-1v9qo5x\">Av s\u00e4kerhetssk\u00e4l k\u00f6rs heller ingen ers\u00e4ttningstrafik.<\/p>\n<p class=\"hyperion-css-1v9qo5x\">\u2013 \u00c4r det f\u00f6r kallt f\u00f6r att k\u00f6ra t\u00e5g vill man inte heller k\u00f6ra buss d\u00e4r. Det finns platser d\u00e4r det \u00e4r r\u00e4tt l\u00e5ngt fr\u00e5n allt om n\u00e5got skulle h\u00e4nda, s\u00e4ger SJ:s presskommunikat\u00f6r Johannes Cleris till TT.<\/p>\n<p class=\"hyperion-css-1v9qo5x\">\u00c4ven Norrt\u00e5g har st\u00e4llt in sina avg\u00e5ngar mellan Lule\u00e5 och Kiruna, rapporterar P4 Norrbotten.<\/p>\n","protected":false},"excerpt":{"rendered":"share-arrowDela unsaveSpara expand-left helsk\u00e4rmNatt\u00e5gstrafiken \u00e4r delvis ig\u00e5ng igen efter flera dagar med sn\u00f6 och kyla. Arkivbild. Foto: Anders&hellip;\n","protected":false},"author":2,"featured_media":132150,"comment_status":"","ping_status":"","sticky":false,"template":"","format":"standard","meta":{"footnotes":""},"categories":[5],"tags":[22,23,26,27,17,21,24,25,28,29,15,16,18,34,31,33,32,30,19,20],"class_list":{"0":"post-132149","1":"post","2":"type-post","3":"status-publish","4":"format-standard","5":"has-post-thumbnail","7":"category-rubriker","8":"tag-breaking-news","9":"tag-breakingnews","10":"tag-featured-news","11":"tag-featurednews","12":"tag-headlines","13":"tag-huvudnyheter","14":"tag-latest-news","15":"tag-latestnews","16":"tag-main-news","17":"tag-mainnews","18":"tag-news","19":"tag-nyheter","20":"tag-rubriker","21":"tag-se","22":"tag-svenska","23":"tag-sverige","24":"tag-sweden","25":"tag-swedish","26":"tag-top-stories","27":"tag-topstories"},"share_on_mastodon":{"url":"https:\/\/pubeurope.com\/@se\/115875989582289076","error":""},"_links":{"self":[{"href":"https:\/\/www.europesays.com\/se\/wp-json\/wp\/v2\/posts\/132149","targetHints":{"allow":["GET"]}}],"collection":[{"href":"https:\/\/www.europesays.com\/se\/wp-json\/wp\/v2\/posts"}],"about":[{"href":"https:\/\/www.europesays.com\/se\/wp-json\/wp\/v2\/types\/post"}],"author":[{"embeddable":true,"href":"https:\/\/www.europesays.com\/se\/wp-json\/wp\/v2\/users\/2"}],"replies":[{"embeddable":true,"href":"https:\/\/www.europesays.com\/se\/wp-json\/wp\/v2\/comments?post=132149"}],"version-history":[{"count":0,"href":"https:\/\/www.europesays.com\/se\/wp-json\/wp\/v2\/posts\/132149\/revisions"}],"wp:featuredmedia":[{"embeddable":true,"href":"https:\/\/www.europesays.com\/se\/wp-json\/wp\/v2\/media\/132150"}],"wp:attachment":[{"href":"https:\/\/www.europesays.com\/se\/wp-json\/wp\/v2\/media?parent=132149"}],"wp:term":[{"taxonomy":"category","embeddable":true,"href":"https:\/\/www.europesays.com\/se\/wp-json\/wp\/v2\/categories?post=132149"},{"taxonomy":"post_tag","embeddable":true,"href":"https:\/\/www.europesays.com\/se\/wp-json\/wp\/v2\/tags?post=132149"}],"curies":[{"name":"wp","href":"https:\/\/api.w.org\/{rel}","templated":true}]}}