{"id":132154,"date":"2026-01-11T10:33:10","date_gmt":"2026-01-11T10:33:10","guid":{"rendered":"https:\/\/www.europesays.com\/se\/132154\/"},"modified":"2026-01-11T10:33:10","modified_gmt":"2026-01-11T10:33:10","slug":"sprintsegrar-i-falun-nar-bauhaus-cup-fortsatte-for-juniorerna","status":"publish","type":"post","link":"https:\/\/www.europesays.com\/se\/132154\/","title":{"rendered":"Sprintsegrar i Falun n\u00e4r Bauhaus Cup fortsatte f\u00f6r juniorerna"},"content":{"rendered":"<p class=\"normal\">I herrarnas \u00e4ldsta juniorklass, H19\u201320, var det Eddie Pettersson som gick segrande ur finalen. Pettersson v\u00e4xte ordentligt i finalen och kunde till slut ta segern f\u00f6re Ebbe G\u00f6ransson, medan Joel Hovlund Martinson slutade trea. Finalen blev t\u00e4t och avgjordes f\u00f6rst p\u00e5 upploppet.<\/p>\n<p class=\"normal\">\u00c4ven i H17\u201318-klassen blev det ett fartfyllt lopp. D\u00e4r var det Andr\u00e9 Jonsson som var starkast n\u00e4r det g\u00e4llde som mest och tog segern i finalen. Bakom honom f\u00f6ljde Theo Malm p\u00e5 andra plats och Viktor Kullman som trea.<\/p>\n<p class=\"normal\">P\u00e5 damsidan avgjordes D19\u201320-klassen med Minna Mikaelsson h\u00f6gst upp p\u00e5 pallen. Hon vann finalen f\u00f6re Tove Norgren, medan klubbkompisen Emma Forsgren tog hand om tredjeplatsen.<\/p>\n<p class=\"normal\">I den yngre damklassen, D17\u201318, gick segern till Malva Nis\u00e9n som visade fin form genom hela sprintt\u00e4vlingen. Hon f\u00f6ljdes av starkt spurtande Vera Myhlback p\u00e5 andra plats och Thelma Falk som trea.<\/p>\n","protected":false},"excerpt":{"rendered":"I herrarnas \u00e4ldsta juniorklass, H19\u201320, var det Eddie Pettersson som gick segrande ur finalen. Pettersson v\u00e4xte ordentligt i&hellip;\n","protected":false},"author":2,"featured_media":132155,"comment_status":"","ping_status":"","sticky":false,"template":"","format":"standard","meta":{"footnotes":""},"categories":[12],"tags":[22,23,26,27,17,21,24,25,28,29,15,16,18,34,31,33,32,30,19,20],"class_list":{"0":"post-132154","1":"post","2":"type-post","3":"status-publish","4":"format-standard","5":"has-post-thumbnail","7":"category-sverige","8":"tag-breaking-news","9":"tag-breakingnews","10":"tag-featured-news","11":"tag-featurednews","12":"tag-headlines","13":"tag-huvudnyheter","14":"tag-latest-news","15":"tag-latestnews","16":"tag-main-news","17":"tag-mainnews","18":"tag-news","19":"tag-nyheter","20":"tag-rubriker","21":"tag-se","22":"tag-svenska","23":"tag-sverige","24":"tag-sweden","25":"tag-swedish","26":"tag-top-stories","27":"tag-topstories"},"share_on_mastodon":{"url":"https:\/\/pubeurope.com\/@se\/115876017178535479","error":""},"_links":{"self":[{"href":"https:\/\/www.europesays.com\/se\/wp-json\/wp\/v2\/posts\/132154","targetHints":{"allow":["GET"]}}],"collection":[{"href":"https:\/\/www.europesays.com\/se\/wp-json\/wp\/v2\/posts"}],"about":[{"href":"https:\/\/www.europesays.com\/se\/wp-json\/wp\/v2\/types\/post"}],"author":[{"embeddable":true,"href":"https:\/\/www.europesays.com\/se\/wp-json\/wp\/v2\/users\/2"}],"replies":[{"embeddable":true,"href":"https:\/\/www.europesays.com\/se\/wp-json\/wp\/v2\/comments?post=132154"}],"version-history":[{"count":0,"href":"https:\/\/www.europesays.com\/se\/wp-json\/wp\/v2\/posts\/132154\/revisions"}],"wp:featuredmedia":[{"embeddable":true,"href":"https:\/\/www.europesays.com\/se\/wp-json\/wp\/v2\/media\/132155"}],"wp:attachment":[{"href":"https:\/\/www.europesays.com\/se\/wp-json\/wp\/v2\/media?parent=132154"}],"wp:term":[{"taxonomy":"category","embeddable":true,"href":"https:\/\/www.europesays.com\/se\/wp-json\/wp\/v2\/categories?post=132154"},{"taxonomy":"post_tag","embeddable":true,"href":"https:\/\/www.europesays.com\/se\/wp-json\/wp\/v2\/tags?post=132154"}],"curies":[{"name":"wp","href":"https:\/\/api.w.org\/{rel}","templated":true}]}}