{"id":132156,"date":"2026-01-11T10:34:18","date_gmt":"2026-01-11T10:34:18","guid":{"rendered":"https:\/\/www.europesays.com\/se\/132156\/"},"modified":"2026-01-11T10:34:18","modified_gmt":"2026-01-11T10:34:18","slug":"misstankt-valdtakt-pa-restaurang-i-vasteras-en-anhallen","status":"publish","type":"post","link":"https:\/\/www.europesays.com\/se\/132156\/","title":{"rendered":"Misst\u00e4nkt v\u00e5ldt\u00e4kt p\u00e5 restaurang i V\u00e4ster\u00e5s \u2013 en anh\u00e5llen"},"content":{"rendered":"<p>        Foto: Magnus Eriksson\n    <\/p>\n<p>    Personen kunde gripas direkt p\u00e5 restaurangen natten mot l\u00f6rdag.<\/p>\n<p>Polisen larmades strax efter midnatt till restaurangen efter uppgifter om att en misst\u00e4nkt v\u00e5ldt\u00e4kt \u00e4gt rum i lokalerna, skriver polisen p\u00e5 sin hemsida<\/p>\n<p>En misst\u00e4nkt person greps direkt p\u00e5 plats i anslutning till h\u00e4ndelsen.<\/p>\n<p>Efter f\u00f6rh\u00f6r och \u00e5klagarbeslut anh\u00f6lls den misst\u00e4nkte och \u00e4rendet leds av \u00e5klagare.<\/p>\n<p>Av h\u00e4nsyn till de inblandade och den p\u00e5g\u00e5ende f\u00f6runders\u00f6kningen kommer polisen inte att kommentera \u00e4rendet ytterligare.\u00a0<\/p>\n","protected":false},"excerpt":{"rendered":"Foto: Magnus Eriksson Personen kunde gripas direkt p\u00e5 restaurangen natten mot l\u00f6rdag. Polisen larmades strax efter midnatt till&hellip;\n","protected":false},"author":2,"featured_media":132157,"comment_status":"","ping_status":"","sticky":false,"template":"","format":"standard","meta":{"footnotes":""},"categories":[5],"tags":[22,23,26,27,17,21,24,25,28,29,15,16,18,34,31,33,32,30,19,20],"class_list":{"0":"post-132156","1":"post","2":"type-post","3":"status-publish","4":"format-standard","5":"has-post-thumbnail","7":"category-rubriker","8":"tag-breaking-news","9":"tag-breakingnews","10":"tag-featured-news","11":"tag-featurednews","12":"tag-headlines","13":"tag-huvudnyheter","14":"tag-latest-news","15":"tag-latestnews","16":"tag-main-news","17":"tag-mainnews","18":"tag-news","19":"tag-nyheter","20":"tag-rubriker","21":"tag-se","22":"tag-svenska","23":"tag-sverige","24":"tag-sweden","25":"tag-swedish","26":"tag-top-stories","27":"tag-topstories"},"share_on_mastodon":{"url":"https:\/\/pubeurope.com\/@se\/115876021021016404","error":""},"_links":{"self":[{"href":"https:\/\/www.europesays.com\/se\/wp-json\/wp\/v2\/posts\/132156","targetHints":{"allow":["GET"]}}],"collection":[{"href":"https:\/\/www.europesays.com\/se\/wp-json\/wp\/v2\/posts"}],"about":[{"href":"https:\/\/www.europesays.com\/se\/wp-json\/wp\/v2\/types\/post"}],"author":[{"embeddable":true,"href":"https:\/\/www.europesays.com\/se\/wp-json\/wp\/v2\/users\/2"}],"replies":[{"embeddable":true,"href":"https:\/\/www.europesays.com\/se\/wp-json\/wp\/v2\/comments?post=132156"}],"version-history":[{"count":0,"href":"https:\/\/www.europesays.com\/se\/wp-json\/wp\/v2\/posts\/132156\/revisions"}],"wp:featuredmedia":[{"embeddable":true,"href":"https:\/\/www.europesays.com\/se\/wp-json\/wp\/v2\/media\/132157"}],"wp:attachment":[{"href":"https:\/\/www.europesays.com\/se\/wp-json\/wp\/v2\/media?parent=132156"}],"wp:term":[{"taxonomy":"category","embeddable":true,"href":"https:\/\/www.europesays.com\/se\/wp-json\/wp\/v2\/categories?post=132156"},{"taxonomy":"post_tag","embeddable":true,"href":"https:\/\/www.europesays.com\/se\/wp-json\/wp\/v2\/tags?post=132156"}],"curies":[{"name":"wp","href":"https:\/\/api.w.org\/{rel}","templated":true}]}}